{"id":4378,"date":"2026-04-23T13:41:03","date_gmt":"2026-04-23T16:41:03","guid":{"rendered":"https:\/\/cidadecriativa.floripa.br\/?p=4378"},"modified":"2026-04-23T14:05:50","modified_gmt":"2026-04-23T17:05:50","slug":"safra-da-tainha-comeca-com-festival-que-reune-cultura-e-gastronomia","status":"publish","type":"post","link":"https:\/\/cidadecriativa.floripa.br\/en\/safra-da-tainha-comeca-com-festival-que-reune-cultura-e-gastronomia\/","title":{"rendered":"Safra da tainha come\u00e7a com festival que re\u00fane cultura e gastronomia"},"content":{"rendered":"<p>Acontece nos dias 2 e 3 de maio, na Beira-Mar Continental, o&nbsp;<strong>Festival I Love Tainha<\/strong>, evento gratuito que marca o in\u00edcio da safra de uma das iguarias mais tradicionais da culin\u00e1ria catarinense. A programa\u00e7\u00e3o deve reunir moradores e turistas em dois dias dedicados \u00e0 gastronomia e \u00e0s manifesta\u00e7\u00f5es culturais da Ilha.<\/p>\n\n\n\n<p>Ap\u00f3s um pr\u00e9-lan\u00e7amento realizado em dezembro de 2025 no Mercado P\u00fablico de Florian\u00f3polis, o festival chega \u00e0 sua edi\u00e7\u00e3o oficial com programa\u00e7\u00e3o ampliada. A proposta \u00e9 destacar a tainha como s\u00edmbolo da pesca artesanal e da identidade cultural da regi\u00e3o e consolidar o evento no calend\u00e1rio cultural de Florian\u00f3polis, reunindo gastronomia, m\u00fasica e tradi\u00e7\u00f5es locais em um mesmo espa\u00e7o.<\/p>\n\n\n\n<p>Durante o evento, o p\u00fablico poder\u00e1 conferir pratos t\u00edpicos, apresenta\u00e7\u00f5es musicais e atividades culturais.<\/p>\n\n\n\n<h4 class=\"wp-block-heading\"><strong>Atra\u00e7\u00f5es confirmadas no Festival I Love Tainha<\/strong><\/h4>\n\n\n\n<p><strong>Shows musicais:<\/strong><\/p>\n\n\n\n<p>&#8211; Dazaranha<br>&#8211; Quinteto S\/A<br>&#8211; Baile do Meira<br>&#8211; Iri\u00ea<br>&#8211; John Bala Jones<\/p>\n\n\n\n<p><strong>Cultura e entretenimento:<\/strong><\/p>\n\n\n\n<p>&#8211; Man\u00e9 Darci<br>&#8211; Apresenta\u00e7\u00e3o de Boi de Mam\u00e3o<br>&#8211; Workshops de tarrafa<br>&#8211; Workshops de renda de bilro<br> &#8211; Workshops de olaria<br>&#8211; Tour guiado com o Guia Manezinho<\/p>\n\n\n\n<p>O festival conta com apoio cultural do Programa de Incentivo \u00e0 Cultura (PIC), do Governo de Santa Catarina, e incentivo da Claro e dos Supermercados Imperatriz. A realiza\u00e7\u00e3o \u00e9 da Associa\u00e7\u00e3o M\u00fasica SC, por meio da Rezoc Eventos, em parceria com a Pimenta Music.<\/p>\n\n\n\n<p>Siga o <a href=\"https:\/\/www.instagram.com\/festivalilovetainha\/\" data-type=\"link\" data-id=\"https:\/\/www.instagram.com\/festivalilovetainha\/\" target=\"_blank\" rel=\"noopener\">@festivalilovetainha<\/a>  e fique por dentro das atra\u00e7\u00f5es.<\/p>","protected":false},"excerpt":{"rendered":"<p>Acontece nos dias 2 e 3 de maio, na Beira-Mar Continental, o&nbsp;Festival I Love Tainha, evento gratuito que marca o in\u00edcio da safra de uma das iguarias mais tradicionais da culin\u00e1ria catarinense. A programa\u00e7\u00e3o deve reunir moradores e turistas em dois dias dedicados \u00e0 gastronomia e \u00e0s manifesta\u00e7\u00f5es culturais da Ilha. Ap\u00f3s um pr\u00e9-lan\u00e7amento realizado [&hellip;]<\/p>\n","protected":false},"author":4,"featured_media":4386,"comment_status":"closed","ping_status":"closed","sticky":false,"template":"","format":"standard","meta":{"footnotes":""},"categories":[255],"tags":[372,397,347],"class_list":["post-4378","post","type-post","status-publish","format-standard","has-post-thumbnail","hentry","category-noticias","tag-cultura","tag-festival-i-love-tainha","tag-gastronomia"],"_links":{"self":[{"href":"https:\/\/cidadecriativa.floripa.br\/en\/wp-json\/wp\/v2\/posts\/4378","targetHints":{"allow":["GET"]}}],"collection":[{"href":"https:\/\/cidadecriativa.floripa.br\/en\/wp-json\/wp\/v2\/posts"}],"about":[{"href":"https:\/\/cidadecriativa.floripa.br\/en\/wp-json\/wp\/v2\/types\/post"}],"author":[{"embeddable":true,"href":"https:\/\/cidadecriativa.floripa.br\/en\/wp-json\/wp\/v2\/users\/4"}],"replies":[{"embeddable":true,"href":"https:\/\/cidadecriativa.floripa.br\/en\/wp-json\/wp\/v2\/comments?post=4378"}],"version-history":[{"count":8,"href":"https:\/\/cidadecriativa.floripa.br\/en\/wp-json\/wp\/v2\/posts\/4378\/revisions"}],"predecessor-version":[{"id":4388,"href":"https:\/\/cidadecriativa.floripa.br\/en\/wp-json\/wp\/v2\/posts\/4378\/revisions\/4388"}],"wp:featuredmedia":[{"embeddable":true,"href":"https:\/\/cidadecriativa.floripa.br\/en\/wp-json\/wp\/v2\/media\/4386"}],"wp:attachment":[{"href":"https:\/\/cidadecriativa.floripa.br\/en\/wp-json\/wp\/v2\/media?parent=4378"}],"wp:term":[{"taxonomy":"category","embeddable":true,"href":"https:\/\/cidadecriativa.floripa.br\/en\/wp-json\/wp\/v2\/categories?post=4378"},{"taxonomy":"post_tag","embeddable":true,"href":"https:\/\/cidadecriativa.floripa.br\/en\/wp-json\/wp\/v2\/tags?post=4378"}],"curies":[{"name":"wp","href":"https:\/\/api.w.org\/{rel}","templated":true}]}}