{"id":4360,"date":"2026-04-13T15:43:36","date_gmt":"2026-04-13T18:43:36","guid":{"rendered":"https:\/\/cidadecriativa.floripa.br\/?p=4360"},"modified":"2026-04-13T16:24:24","modified_gmt":"2026-04-13T19:24:24","slug":"fenomeno-raro-deixa-ostras-esverdeadas-e-mais-saborosas-pesquisadores-da-ufsc-explicam","status":"publish","type":"post","link":"https:\/\/cidadecriativa.floripa.br\/en\/fenomeno-raro-deixa-ostras-esverdeadas-e-mais-saborosas-pesquisadores-da-ufsc-explicam\/","title":{"rendered":"Fen\u00f4meno raro deixa ostras esverdeadas e mais saborosas; pesquisadores da UFSC explicam"},"content":{"rendered":"<h4 class=\"wp-block-heading\">Um fen\u00f4meno raro observado nas \u00faltimas tr\u00eas semanas na Ba\u00eda Sul, em Florian\u00f3polis, est\u00e1 mudando o aspecto e a qualidade das ostras cultivadas pelos maricultores locais: a prolifera\u00e7\u00e3o de microalgas do grupo das diatom\u00e1ceas nessas \u00e1guas est\u00e1 fazendo os moluscos apresentarem uma colora\u00e7\u00e3o esverdeada. <\/h4>\n\n\n\n<p>Longe de ser um problema, isso \u00e9, na verdade, um fen\u00f4meno com grande potencial. De acordo com pesquisadores da Universidade Federal de Santa Catarina (UFSC), a microalga n\u00e3o produz toxinas e agrega qualidade \u00e0s ostras, vieiras e mexilh\u00f5es cultivados, que t\u00eam nesses organismos unicelulares uma rica fonte nutricional.<\/p>\n\n\n\n<p>De acordo com o engenheiro de Aquicultura&nbsp;<a href=\"http:\/\/lattes.cnpq.br\/6529913604145942\" target=\"_blank\" rel=\"noreferrer noopener\">Gabriel Filipe Faria Graff<\/a>, doutorando em Biotecnologia e Bioci\u00eancias e pesquisador do Laborat\u00f3rio de Biotecnologia e Sa\u00fade Marinha (LaBIOMARIS) da UFSC, a ocorr\u00eancia de ostras verdes j\u00e1 foi observada em Santa Catarina em pelo menos duas ocasi\u00f5es, h\u00e1 mais de dez anos. Microalgas capazes de conferir colora\u00e7\u00e3o a moluscos s\u00e3o registradas recorrentemente em outras localidades, como a regi\u00e3o francesa de Marennes-Ol\u00e9ron, onde as chamadas&nbsp;<em>hu\u00eetres vertes<\/em>&nbsp;(literalmente,&nbsp;<em>ostras verdes<\/em>&nbsp;em franc\u00eas) s\u00e3o consideradas uma iguaria sofisticada e possuem certifica\u00e7\u00e3o&nbsp;<em>Label Rouge<\/em>&nbsp;(<em>Red Label<\/em>) do Minist\u00e9rio da Agricultura da Fran\u00e7a \u2013 que atesta a qualidade superior de produtos alimentares em compara\u00e7\u00e3o a produtos convencionais.<\/p>\n\n\n\n<figure class=\"wp-block-gallery has-nested-images columns-default is-cropped wp-block-gallery-1 is-layout-flex wp-block-gallery-is-layout-flex\">\n<figure class=\"wp-block-image size-large\"><img fetchpriority=\"high\" decoding=\"async\" width=\"768\" height=\"1024\" data-id=\"4370\" src=\"https:\/\/cidadecriativa.floripa.br\/wp-content\/uploads\/2026\/04\/vieira_verde.jpeg-768x1024.jpg\" alt=\"\" class=\"wp-image-4370\" srcset=\"https:\/\/cidadecriativa.floripa.br\/wp-content\/uploads\/2026\/04\/vieira_verde.jpeg-768x1024.jpg 768w, https:\/\/cidadecriativa.floripa.br\/wp-content\/uploads\/2026\/04\/vieira_verde.jpeg-225x300.jpg 225w, https:\/\/cidadecriativa.floripa.br\/wp-content\/uploads\/2026\/04\/vieira_verde.jpeg-9x12.jpg 9w, https:\/\/cidadecriativa.floripa.br\/wp-content\/uploads\/2026\/04\/vieira_verde.jpeg.jpg 960w\" sizes=\"(max-width: 768px) 100vw, 768px\" \/><figcaption class=\"wp-element-caption\">Vieiras (foto) e mexilh\u00f5es cultivados na Ba\u00eda Sul tamb\u00e9m est\u00e3o com a colora\u00e7\u00e3o alterada em fun\u00e7\u00e3o das microalgas. Foto: Divulga\u00e7\u00e3o<\/figcaption><\/figure>\n\n\n\n<figure class=\"wp-block-image size-large\"><img decoding=\"async\" width=\"768\" height=\"1024\" data-id=\"4369\" src=\"https:\/\/cidadecriativa.floripa.br\/wp-content\/uploads\/2026\/04\/diatomacea_microscopio.jpeg-768x1024.jpg\" alt=\"\" class=\"wp-image-4369\" srcset=\"https:\/\/cidadecriativa.floripa.br\/wp-content\/uploads\/2026\/04\/diatomacea_microscopio.jpeg-768x1024.jpg 768w, https:\/\/cidadecriativa.floripa.br\/wp-content\/uploads\/2026\/04\/diatomacea_microscopio.jpeg-225x300.jpg 225w, https:\/\/cidadecriativa.floripa.br\/wp-content\/uploads\/2026\/04\/diatomacea_microscopio.jpeg-9x12.jpg 9w, https:\/\/cidadecriativa.floripa.br\/wp-content\/uploads\/2026\/04\/diatomacea_microscopio.jpeg.jpg 960w\" sizes=\"(max-width: 768px) 100vw, 768px\" \/><figcaption class=\"wp-element-caption\">Imagem de microsc\u00f3pio da microalga observada na Ba\u00eda Sul: estudos gen\u00e9ticos v\u00e3o investigar se se trata da esp\u00e9cie Haslea ostrearia, que ocorre na Fran\u00e7a. Foto: Divulga\u00e7\u00e3o<\/figcaption><\/figure>\n<\/figure>\n\n\n\n<p>Com a confirma\u00e7\u00e3o da nova ocorr\u00eancia de microalgas que, ao que tudo indica, pertencem \u00e0 esp\u00e9cie&nbsp;<em>Haslea ostrearia \u2013<\/em>&nbsp;a mesma diatom\u00e1cea encontrada na Fran\u00e7a e que produz um pigmento azul chamado&nbsp;<em>marennina<\/em>&nbsp;-, os pesquisadores partem agora para duas investiga\u00e7\u00f5es: em primeiro lugar, ir\u00e3o realizar an\u00e1lises moleculares para confirmar a identifica\u00e7\u00e3o exata da esp\u00e9cie; na sequ\u00eancia, tentar\u00e3o identificar as condi\u00e7\u00f5es que podem ter favorecido a repeti\u00e7\u00e3o do raro fen\u00f4meno. \u201cA ideia \u00e9 observar aspectos como as correntes mar\u00edtimas, ondas de calor, vento, condi\u00e7\u00f5es ambientais em geral e cruzar essas informa\u00e7\u00f5es para verificar o que pode ter favorecido a repeti\u00e7\u00e3o do fen\u00f4meno\u201d, explica Gabriel. \u201cCom esses dados, h\u00e1 uma grande possibilidade de identificar as condi\u00e7\u00f5es ideais para o cultivo da microalga em laborat\u00f3rio\u201d, indica. Na atual ocorr\u00eancia, o fen\u00f4meno est\u00e1 restrito aos cultivos da Ba\u00eda Sul, n\u00e3o tendo sido observado na Ba\u00eda Norte.<\/p>\n\n\n\n<p>A flora\u00e7\u00e3o observada este ano foi inesperada, j\u00e1 que os pesquisadores j\u00e1 tinham desistido de localizar essas microalgas nas \u00e1guas da Ba\u00eda Sul ap\u00f3s o seu \u00faltimo registro. H\u00e1 algumas semanas, produtores locais como Vinicius Ramos, da Fazenda Marinha Para\u00edso das Ostras, foram procurados por clientes da regi\u00e3o e de outros estados, que relataram que as ostras apresentavam um aspecto \u201cmofado\u201d. A partir desses relatos, o engenheiro de Aquicultura Gabriel foi a campo investigar o caso. Feitas as an\u00e1lises com apoio de pesquisadores do Laborat\u00f3rio de Ficologia (LAFIC) da UFSC, constatou-se que se tratava da ocorr\u00eancia de diatom\u00e1ceas do g\u00eanero&nbsp;<em>Haslea<\/em>, o que fez ressurgir a oportunidade de ampliar o conhecimento cient\u00edfico e desenvolver tecnologia em torno desse fen\u00f4meno. \u201cEssa microalga tem grande potencial inclusive para aplica\u00e7\u00f5es biotecnol\u00f3gicas, como na produ\u00e7\u00e3o de alimentos e at\u00e9 na \u00e1rea farmac\u00eautica\u201d, ressalta o professor do Centro de Ci\u00eancias Biol\u00f3gicas (CCB)&nbsp;<a href=\"http:\/\/lattes.cnpq.br\/0764209359451049\" target=\"_blank\" rel=\"noreferrer noopener\">Rafael Diego da Rosa<\/a>, coordenador no Brasil da rede internacional de pesquisa EcoHealth4Sea.<\/p>\n\n\n\n<figure class=\"wp-block-image size-large\"><img decoding=\"async\" width=\"1024\" height=\"768\" src=\"https:\/\/cidadecriativa.floripa.br\/wp-content\/uploads\/2026\/04\/equipe_leonardo_bruna_gabriel_yure.jpeg-1024x768.jpg\" alt=\"\" class=\"wp-image-4371\" srcset=\"https:\/\/cidadecriativa.floripa.br\/wp-content\/uploads\/2026\/04\/equipe_leonardo_bruna_gabriel_yure.jpeg-1024x768.jpg 1024w, https:\/\/cidadecriativa.floripa.br\/wp-content\/uploads\/2026\/04\/equipe_leonardo_bruna_gabriel_yure.jpeg-300x225.jpg 300w, https:\/\/cidadecriativa.floripa.br\/wp-content\/uploads\/2026\/04\/equipe_leonardo_bruna_gabriel_yure.jpeg-768x576.jpg 768w, https:\/\/cidadecriativa.floripa.br\/wp-content\/uploads\/2026\/04\/equipe_leonardo_bruna_gabriel_yure.jpeg-16x12.jpg 16w, https:\/\/cidadecriativa.floripa.br\/wp-content\/uploads\/2026\/04\/equipe_leonardo_bruna_gabriel_yure.jpeg.jpg 1200w\" sizes=\"(max-width: 1024px) 100vw, 1024px\" \/><figcaption class=\"wp-element-caption\"><em>Pesquisadores de diferentes laborat\u00f3rios da UFSC uniram esfor\u00e7os para identificar a microalga durante a nova ocorr\u00eancia do fen\u00f4meno raro: professor Leonardo Rubi R\u00f6rig, p\u00f3s-doutoranda Bruna Rodrigues Moreira, doutorando Gabriel Filipe Faria Graff e professor Carlos Yure Barbosa Oliveira. Foto: Divulga\u00e7\u00e3o<\/em><\/figcaption><\/figure>\n\n\n\n<p>Os estudos dessas microalgas est\u00e3o envolvendo os pesquisadores do LaBIOMARIS e tamb\u00e9m a equipe do LAFIC, com os professores&nbsp;<a href=\"http:\/\/lattes.cnpq.br\/5590114963424155\" target=\"_blank\" rel=\"noreferrer noopener\">Leonardo Rubi R\u00f6rig<\/a>&nbsp;It is&nbsp;<a href=\"http:\/\/lattes.cnpq.br\/3825860944561089\" target=\"_blank\" rel=\"noreferrer noopener\">Carlos Yure Barbosa Oliveira<\/a>, al\u00e9m da p\u00f3s-doutoranda&nbsp;<a href=\"http:\/\/lattes.cnpq.br\/4212277912307058\" target=\"_blank\" rel=\"noreferrer noopener\">Bruna Rodrigues Moreira<\/a>, bolsista da Funda\u00e7\u00e3o de Amparo \u00e0 Pesquisa e Inova\u00e7\u00e3o do Estado de Santa Catarina (Fapesc).<\/p>\n\n\n\n<p><strong><em>(<a href=\"https:\/\/noticias.ufsc.br\/2026\/04\/fenomeno-raro-deixa-ostras-esverdeadas-e-mais-saborosas-pesquisadores-da-ufsc-explicam\/\" data-type=\"link\" data-id=\"https:\/\/noticias.ufsc.br\/2026\/04\/fenomeno-raro-deixa-ostras-esverdeadas-e-mais-saborosas-pesquisadores-da-ufsc-explicam\/\" target=\"_blank\" rel=\"noopener\">Assessoria de Imprensa UFSC<\/a>, 10\/04\/2026)<\/em><\/strong><\/p>\n\n\n\n<p><\/p>","protected":false},"excerpt":{"rendered":"<p>Um fen\u00f4meno raro observado nas \u00faltimas tr\u00eas semanas na Ba\u00eda Sul, em Florian\u00f3polis, est\u00e1 mudando o aspecto e a qualidade das ostras cultivadas pelos maricultores locais: a prolifera\u00e7\u00e3o de microalgas do grupo das diatom\u00e1ceas nessas \u00e1guas est\u00e1 fazendo os moluscos apresentarem uma colora\u00e7\u00e3o esverdeada. Longe de ser um problema, isso \u00e9, na verdade, um fen\u00f4meno [&hellip;]<\/p>\n","protected":false},"author":4,"featured_media":4365,"comment_status":"closed","ping_status":"closed","sticky":false,"template":"","format":"standard","meta":{"footnotes":""},"categories":[255],"tags":[347,395,396,383,366,394],"class_list":["post-4360","post","type-post","status-publish","format-standard","has-post-thumbnail","hentry","category-noticias","tag-gastronomia","tag-maricultura","tag-microalgas","tag-ostras","tag-ostras-de-florianopolis","tag-ufsc"],"_links":{"self":[{"href":"https:\/\/cidadecriativa.floripa.br\/en\/wp-json\/wp\/v2\/posts\/4360","targetHints":{"allow":["GET"]}}],"collection":[{"href":"https:\/\/cidadecriativa.floripa.br\/en\/wp-json\/wp\/v2\/posts"}],"about":[{"href":"https:\/\/cidadecriativa.floripa.br\/en\/wp-json\/wp\/v2\/types\/post"}],"author":[{"embeddable":true,"href":"https:\/\/cidadecriativa.floripa.br\/en\/wp-json\/wp\/v2\/users\/4"}],"replies":[{"embeddable":true,"href":"https:\/\/cidadecriativa.floripa.br\/en\/wp-json\/wp\/v2\/comments?post=4360"}],"version-history":[{"count":8,"href":"https:\/\/cidadecriativa.floripa.br\/en\/wp-json\/wp\/v2\/posts\/4360\/revisions"}],"predecessor-version":[{"id":4376,"href":"https:\/\/cidadecriativa.floripa.br\/en\/wp-json\/wp\/v2\/posts\/4360\/revisions\/4376"}],"wp:featuredmedia":[{"embeddable":true,"href":"https:\/\/cidadecriativa.floripa.br\/en\/wp-json\/wp\/v2\/media\/4365"}],"wp:attachment":[{"href":"https:\/\/cidadecriativa.floripa.br\/en\/wp-json\/wp\/v2\/media?parent=4360"}],"wp:term":[{"taxonomy":"category","embeddable":true,"href":"https:\/\/cidadecriativa.floripa.br\/en\/wp-json\/wp\/v2\/categories?post=4360"},{"taxonomy":"post_tag","embeddable":true,"href":"https:\/\/cidadecriativa.floripa.br\/en\/wp-json\/wp\/v2\/tags?post=4360"}],"curies":[{"name":"wp","href":"https:\/\/api.w.org\/{rel}","templated":true}]}}