{"id":4329,"date":"2026-04-07T11:22:26","date_gmt":"2026-04-07T14:22:26","guid":{"rendered":"https:\/\/cidadecriativa.floripa.br\/?p=4329"},"modified":"2026-04-08T10:13:13","modified_gmt":"2026-04-08T13:13:13","slug":"florianopolis-amplia-presenca-em-macau-e-traz-aprendizados-para-fortalecer-o-turismo-gastronomico","status":"publish","type":"post","link":"https:\/\/cidadecriativa.floripa.br\/en\/florianopolis-amplia-presenca-em-macau-e-traz-aprendizados-para-fortalecer-o-turismo-gastronomico\/","title":{"rendered":"Florian\u00f3polis amplia presen\u00e7a em Macau e traz aprendizados para fortalecer o turismo gastron\u00f4mico"},"content":{"rendered":"<h4 class=\"wp-block-heading\">A participa\u00e7\u00e3o de Florian\u00f3polis na Festa Internacional das Cidades de Gastronomia, em Macau, refor\u00e7ou a presen\u00e7a internacional da capital catarinense e trouxe refer\u00eancias para fortalecer o turismo gastron\u00f4mico, a promo\u00e7\u00e3o de produtos locais e a conex\u00e3o entre cultura, economia criativa e desenvolvimento. O evento foi realizado entre 20 e 29\/03, na China.<\/h4>\n\n\n\n<p>A presen\u00e7a da cidade no festival tamb\u00e9m amplia a proje\u00e7\u00e3o do <strong>Programa Florian\u00f3polis Cidade Criativa UNESCO da Gastronomia, coordenado pela FloripAmanh\u00e3<\/strong>, com participa\u00e7\u00e3o da Prefeitura Municipal de Florian\u00f3polis e de entidades do Grupo Gestor. Em 2026, Florian\u00f3polis assumiu a vice-coordena\u00e7\u00e3o da Sub-rede Mundial de Cidades Criativas da Organiza\u00e7\u00e3o das Na\u00e7\u00f5es Unidas para a Educa\u00e7\u00e3o, a Ci\u00eancia e a Cultura (UNESCO), o que amplia sua inser\u00e7\u00e3o internacional.&nbsp;<\/p>\n\n\n\n<h4 class=\"wp-block-heading\">Participa\u00e7\u00e3o cresce em 2026 e re\u00fane 12 representantes de Florian\u00f3polis<\/h4>\n\n\n\n<p>Em 2025, Florian\u00f3polis participou do festival com uma delega\u00e7\u00e3o de oito representantes. Em 2026, ampliou sua presen\u00e7a ao levar 12 integrantes a Macau, entre representantes institucionais, chefs, restaurantes e produtores locais. A comitiva esteve presente no Passeio Gastron\u00f4mico Internacional, na Mostra das Cidades Criativas da Gastronomia, no F\u00f3rum Internacional de Gastronomia e no mercado internacional de produtos gastron\u00f4micos de excel\u00eancia.<\/p>\n\n\n\n<p>O crescimento da participa\u00e7\u00e3o acompanha uma trajet\u00f3ria iniciada em 2016, quando Florian\u00f3polis participou do Primeiro F\u00f3rum Internacional de Gastronomia de Macau com representantes da gastronomia local e de entidades do setor. Ao longo desse percurso, o Programa Florian\u00f3polis Cidade Criativa UNESCO da Gastronomia, j\u00e1 enviou representantes institucionais e profissionais da gastronomia local para 22 cidades estrangeiras de 13 pa\u00edses, al\u00e9m de 11 cidades brasileiras.&nbsp;<\/p>\n\n\n\n<figure class=\"wp-block-embed is-type-video is-provider-youtube wp-block-embed-youtube wp-embed-aspect-16-9 wp-has-aspect-ratio\"><div class=\"wp-block-embed__wrapper\">\n<iframe title=\"\u201c2026\u6fb3\u9580\u570b\u969b\u7f8e\u98df\u4e4b\u90fd\u5609\u5e74\u83ef\u201d\u5b8c\u6eff\u8209\u884c \u201c2026 International Cities of Gastronomy Fest Macao\u201d concludes on a high note\" width=\"800\" height=\"450\" src=\"https:\/\/www.youtube.com\/embed\/zMDRU2S4iLI?feature=oembed\" frameborder=\"0\" allow=\"accelerometer; autoplay; clipboard-write; encrypted-media; gyroscope; picture-in-picture; web-share\" referrerpolicy=\"strict-origin-when-cross-origin\" allowfullscreen><\/iframe>\n<\/div><\/figure>\n\n\n\n<h4 class=\"wp-block-heading\">Quem representou Florian\u00f3polis em Macau<\/h4>\n\n\n\n<p>Na cerim\u00f4nia de abertura e no F\u00f3rum de Gastronomia, participaram o representante da FloripAmanh\u00e3, Marcus Jos\u00e9 Rocha, e a representante da Prefeitura Municipal de Florian\u00f3polis, Ana Paula Reusing Pacheco. J\u00e1 na Mostra das Cidades Criativas da Gastronomia, Florian\u00f3polis contou com a participa\u00e7\u00e3o do chef Pedro Soares Medeiros e do chef Gabriel Sant\u2019Ana.<\/p>\n\n\n\n<p>Entre os participantes do Passeio Gastron\u00f4mico Internacional estiveram o chef Claudio Odilio Nunes Junior e Marilia de Souza, do Franz Cabaret, o chef Narbal de Souza Corr\u00eaa e Victoria Filomeno de Souza Corr\u00eaa, do Rei do Mar, e o chef Fabiano Gon\u00e7alves Dias Greg\u00f3rio e Juliana Ziegler Greg\u00f3rio, do Bija Ecogastronomia. Por fim, no mercado internacional de produtos gastron\u00f4micos, participaram Andre Tadayoshi Hiragami, da Hiragami\u2019s Fruit, e Pedro Augusto Stanga, da Sulmel.<\/p>\n\n\n\n<figure class=\"wp-block-image size-full\"><img fetchpriority=\"high\" decoding=\"async\" width=\"960\" height=\"640\" src=\"https:\/\/cidadecriativa.floripa.br\/wp-content\/uploads\/2026\/04\/macau-50.jpg\" alt=\"\" class=\"wp-image-4339\" srcset=\"https:\/\/cidadecriativa.floripa.br\/wp-content\/uploads\/2026\/04\/macau-50.jpg 960w, https:\/\/cidadecriativa.floripa.br\/wp-content\/uploads\/2026\/04\/macau-50-300x200.jpg 300w, https:\/\/cidadecriativa.floripa.br\/wp-content\/uploads\/2026\/04\/macau-50-768x512.jpg 768w, https:\/\/cidadecriativa.floripa.br\/wp-content\/uploads\/2026\/04\/macau-50-18x12.jpg 18w\" sizes=\"(max-width: 960px) 100vw, 960px\" \/><figcaption class=\"wp-element-caption\"><em>Representantes de Florian\u00f3polis em Macau.<\/em><\/figcaption><\/figure>\n\n\n\n<h4 class=\"wp-block-heading\">Showcase apresentou sabores de Florian\u00f3polis e produtos com indica\u00e7\u00e3o geogr\u00e1fica<\/h4>\n\n\n\n<p>Na Mostra das Cidades Criativas da Gastronomia, a apresenta\u00e7\u00e3o de Florian\u00f3polis foi conduzida pelo chef Pedro Soares Medeiros e pelo chef Gabriel Sant\u2019Ana. No showcase, a cidade levou refer\u00eancias da cultura alimentar local, com destaque para Siri na Casca e Chico Balanceado, al\u00e9m de produtos catarinenses com indica\u00e7\u00e3o geogr\u00e1fica.<\/p>\n\n\n\n<p>J\u00e1 no Passeio Gastron\u00f4mico Internacional, os restaurantes Rei do Mar, Franz Cabaret e Bija Ecogastronomia apresentaram prepara\u00e7\u00f5es da culin\u00e1ria florianopolitana e brasileira. No mercado internacional de produtos gastron\u00f4micos, a Sulmel apresentou o Mel de Melato da Bracatinga do Planalto Sul Brasileiro, e a Hiragami\u2019s Fruit levou produtos ligados \u00e0 Ma\u00e7\u00e3 Fuji da Regi\u00e3o de S\u00e3o Joaquim.<\/p>\n\n\n\n<p>Segundo o representante da FloripAmanh\u00e3, Marcus Jos\u00e9 Rocha, a localiza\u00e7\u00e3o dos espa\u00e7os de Florian\u00f3polis no festival favoreceu o contato com o p\u00fablico. \u201cFoi muito legal ver a popula\u00e7\u00e3o de Macau provando culin\u00e1ria manezinha\u201d, destaca.<\/p>\n\n\n\n<figure class=\"wp-block-image aligncenter size-large\"><img decoding=\"async\" width=\"672\" height=\"1024\" src=\"https:\/\/cidadecriativa.floripa.br\/wp-content\/uploads\/2026\/04\/chefs-macau-2026-672x1024.jpg\" alt=\"\" class=\"wp-image-4338\" srcset=\"https:\/\/cidadecriativa.floripa.br\/wp-content\/uploads\/2026\/04\/chefs-macau-2026-672x1024.jpg 672w, https:\/\/cidadecriativa.floripa.br\/wp-content\/uploads\/2026\/04\/chefs-macau-2026-197x300.jpg 197w, https:\/\/cidadecriativa.floripa.br\/wp-content\/uploads\/2026\/04\/chefs-macau-2026-768x1170.jpg 768w, https:\/\/cidadecriativa.floripa.br\/wp-content\/uploads\/2026\/04\/chefs-macau-2026-8x12.jpg 8w, https:\/\/cidadecriativa.floripa.br\/wp-content\/uploads\/2026\/04\/chefs-macau-2026.jpg 900w\" sizes=\"(max-width: 672px) 100vw, 672px\" \/><figcaption class=\"wp-element-caption\"><em>Chefs Pedro Soares Medeiros e Gabriel Sant\u2019Ana<\/em><\/figcaption><\/figure>\n\n\n\n<figure class=\"wp-block-embed is-type-video is-provider-youtube wp-block-embed-youtube wp-embed-aspect-16-9 wp-has-aspect-ratio\"><div class=\"wp-block-embed__wrapper\">\n<iframe title=\"06 \u5df4\u897f\u5f17\u6d1b\u91cc\u4e9e\u8afe\u6ce2\u5229\u65af Florian\u00f3polis, Brazil\" width=\"800\" height=\"450\" src=\"https:\/\/www.youtube.com\/embed\/9BgjcSNaqmw?feature=oembed\" frameborder=\"0\" allow=\"accelerometer; autoplay; clipboard-write; encrypted-media; gyroscope; picture-in-picture; web-share\" referrerpolicy=\"strict-origin-when-cross-origin\" allowfullscreen><\/iframe>\n<\/div><\/figure>\n\n\n\n<figure class=\"wp-block-gallery has-nested-images columns-default is-cropped wp-block-gallery-1 is-layout-flex wp-block-gallery-is-layout-flex\">\n<figure class=\"wp-block-image size-large\"><img decoding=\"async\" width=\"600\" height=\"800\" data-id=\"4332\" src=\"https:\/\/cidadecriativa.floripa.br\/wp-content\/uploads\/2026\/04\/macau-60.jpg\" alt=\"\" class=\"wp-image-4332\" srcset=\"https:\/\/cidadecriativa.floripa.br\/wp-content\/uploads\/2026\/04\/macau-60.jpg 600w, https:\/\/cidadecriativa.floripa.br\/wp-content\/uploads\/2026\/04\/macau-60-225x300.jpg 225w, https:\/\/cidadecriativa.floripa.br\/wp-content\/uploads\/2026\/04\/macau-60-9x12.jpg 9w\" sizes=\"(max-width: 600px) 100vw, 600px\" \/><\/figure>\n\n\n\n<figure class=\"wp-block-image size-large\"><img loading=\"lazy\" decoding=\"async\" width=\"600\" height=\"800\" data-id=\"4331\" src=\"https:\/\/cidadecriativa.floripa.br\/wp-content\/uploads\/2026\/04\/macau-61.jpg\" alt=\"\" class=\"wp-image-4331\" srcset=\"https:\/\/cidadecriativa.floripa.br\/wp-content\/uploads\/2026\/04\/macau-61.jpg 600w, https:\/\/cidadecriativa.floripa.br\/wp-content\/uploads\/2026\/04\/macau-61-225x300.jpg 225w, https:\/\/cidadecriativa.floripa.br\/wp-content\/uploads\/2026\/04\/macau-61-9x12.jpg 9w\" sizes=\"(max-width: 600px) 100vw, 600px\" \/><\/figure>\n\n\n\n<figure class=\"wp-block-image size-large\"><img loading=\"lazy\" decoding=\"async\" width=\"600\" height=\"800\" data-id=\"4330\" src=\"https:\/\/cidadecriativa.floripa.br\/wp-content\/uploads\/2026\/04\/macau-62.jpg\" alt=\"\" class=\"wp-image-4330\" srcset=\"https:\/\/cidadecriativa.floripa.br\/wp-content\/uploads\/2026\/04\/macau-62.jpg 600w, https:\/\/cidadecriativa.floripa.br\/wp-content\/uploads\/2026\/04\/macau-62-225x300.jpg 225w, https:\/\/cidadecriativa.floripa.br\/wp-content\/uploads\/2026\/04\/macau-62-9x12.jpg 9w\" sizes=\"(max-width: 600px) 100vw, 600px\" \/><\/figure>\n<\/figure>\n\n\n\n<p><em>Os restaurantes Rei do Mar, Franz Cabaret e Bija Ecogastronomia apresentaram prepara\u00e7\u00f5es da culin\u00e1ria florianopolitana e brasileira, no Passeio Gastron\u00f4mico Internacional.<\/em><\/p>\n\n\n\n<h4 class=\"wp-block-heading\">Agenda t\u00e9cnica trouxe refer\u00eancias sobre promo\u00e7\u00e3o internacional e economia criativa<\/h4>\n\n\n\n<p>Al\u00e9m da participa\u00e7\u00e3o gastron\u00f4mica, a agenda t\u00e9cnica trouxe temas ligados \u00e0 seguran\u00e7a alimentar, \u00e0 forma\u00e7\u00e3o de jovens chefs e ao papel da comunica\u00e7\u00e3o digital na promo\u00e7\u00e3o da gastronomia como atrativo tur\u00edstico. No relato compartilhado pela delega\u00e7\u00e3o, Macau aparece como uma cidade que investe no turismo cultural de base gastron\u00f4mica, articulado ao artesanato, aos souvenires e \u00e0 hist\u00f3ria local. Outro ponto destacado foi o impacto das m\u00eddias digitais na atra\u00e7\u00e3o de visitantes, a partir de conte\u00fados criativos voltados \u00e0s experi\u00eancias gastron\u00f4micas.<\/p>\n\n\n\n<p>Na avalia\u00e7\u00e3o do representante da FloripAmanh\u00e3, Marcus Jos\u00e9 Rocha, a experi\u00eancia refor\u00e7a que Florian\u00f3polis precisa avan\u00e7ar no posicionamento internacional da sua gastronomia. \u201cFlorian\u00f3polis, sim, \u00e9 reconhecida como um grande destino tur\u00edstico do Brasil, mas n\u00f3s precisamos ser mais competitivos internacionalmente\u201d, destaca. Segundo ele, esse avan\u00e7o depende da valoriza\u00e7\u00e3o de produtos com maior valor agregado, do investimento em promo\u00e7\u00e3o, embalagem e marketing, da cria\u00e7\u00e3o de experi\u00eancias complementares e da qualifica\u00e7\u00e3o da cidade para receber melhor o visitante estrangeiro. \u201cSe n\u00f3s queremos receber visitantes internacionais, os estabelecimentos precisam, pelo menos, falar ingl\u00eas e espanhol de maneira mais fluente\u201d, comenta.<\/p>\n\n\n\n<p>Marcus tamb\u00e9m observa que a rede das Cidades Criativas da UNESCO pode ampliar a circula\u00e7\u00e3o internacional de Florian\u00f3polis e abrir novas oportunidades de interc\u00e2mbio. Desde janeiro de 2026, a cidade ocupa a vice-coordena\u00e7\u00e3o mundial da sub-rede das Cidades Criativas UNESCO da Gastronomia, movimento que, segundo ele, amplia a visibilidade da capital catarinense dentro da rede e favorece novas conex\u00f5es.<\/p>\n\n\n\n<figure class=\"wp-block-gallery has-nested-images columns-default is-cropped wp-block-gallery-2 is-layout-flex wp-block-gallery-is-layout-flex\">\n<figure class=\"wp-block-image size-large\"><img loading=\"lazy\" decoding=\"async\" width=\"960\" height=\"640\" data-id=\"4354\" src=\"https:\/\/cidadecriativa.floripa.br\/wp-content\/uploads\/2026\/04\/macau-106.jpg\" alt=\"\" class=\"wp-image-4354\" srcset=\"https:\/\/cidadecriativa.floripa.br\/wp-content\/uploads\/2026\/04\/macau-106.jpg 960w, https:\/\/cidadecriativa.floripa.br\/wp-content\/uploads\/2026\/04\/macau-106-300x200.jpg 300w, https:\/\/cidadecriativa.floripa.br\/wp-content\/uploads\/2026\/04\/macau-106-768x512.jpg 768w, https:\/\/cidadecriativa.floripa.br\/wp-content\/uploads\/2026\/04\/macau-106-18x12.jpg 18w\" sizes=\"(max-width: 960px) 100vw, 960px\" \/><\/figure>\n\n\n\n<figure class=\"wp-block-image size-large\"><img loading=\"lazy\" decoding=\"async\" width=\"960\" height=\"640\" data-id=\"4353\" src=\"https:\/\/cidadecriativa.floripa.br\/wp-content\/uploads\/2026\/04\/macau-105.jpg\" alt=\"\" class=\"wp-image-4353\" srcset=\"https:\/\/cidadecriativa.floripa.br\/wp-content\/uploads\/2026\/04\/macau-105.jpg 960w, https:\/\/cidadecriativa.floripa.br\/wp-content\/uploads\/2026\/04\/macau-105-300x200.jpg 300w, https:\/\/cidadecriativa.floripa.br\/wp-content\/uploads\/2026\/04\/macau-105-768x512.jpg 768w, https:\/\/cidadecriativa.floripa.br\/wp-content\/uploads\/2026\/04\/macau-105-18x12.jpg 18w\" sizes=\"(max-width: 960px) 100vw, 960px\" \/><\/figure>\n<\/figure>\n\n\n\n<figure class=\"wp-block-gallery has-nested-images columns-default is-cropped wp-block-gallery-3 is-layout-flex wp-block-gallery-is-layout-flex\">\n<figure class=\"wp-block-image size-large\"><img loading=\"lazy\" decoding=\"async\" width=\"960\" height=\"640\" data-id=\"4352\" src=\"https:\/\/cidadecriativa.floripa.br\/wp-content\/uploads\/2026\/04\/macau-100.jpg\" alt=\"\" class=\"wp-image-4352\" srcset=\"https:\/\/cidadecriativa.floripa.br\/wp-content\/uploads\/2026\/04\/macau-100.jpg 960w, https:\/\/cidadecriativa.floripa.br\/wp-content\/uploads\/2026\/04\/macau-100-300x200.jpg 300w, https:\/\/cidadecriativa.floripa.br\/wp-content\/uploads\/2026\/04\/macau-100-768x512.jpg 768w, https:\/\/cidadecriativa.floripa.br\/wp-content\/uploads\/2026\/04\/macau-100-18x12.jpg 18w\" sizes=\"(max-width: 960px) 100vw, 960px\" \/><\/figure>\n\n\n\n<figure class=\"wp-block-image size-large\"><img loading=\"lazy\" decoding=\"async\" width=\"960\" height=\"640\" data-id=\"4351\" src=\"https:\/\/cidadecriativa.floripa.br\/wp-content\/uploads\/2026\/04\/macau-102.jpg\" alt=\"\" class=\"wp-image-4351\" srcset=\"https:\/\/cidadecriativa.floripa.br\/wp-content\/uploads\/2026\/04\/macau-102.jpg 960w, https:\/\/cidadecriativa.floripa.br\/wp-content\/uploads\/2026\/04\/macau-102-300x200.jpg 300w, https:\/\/cidadecriativa.floripa.br\/wp-content\/uploads\/2026\/04\/macau-102-768x512.jpg 768w, https:\/\/cidadecriativa.floripa.br\/wp-content\/uploads\/2026\/04\/macau-102-18x12.jpg 18w\" sizes=\"(max-width: 960px) 100vw, 960px\" \/><\/figure>\n\n\n\n<figure class=\"wp-block-image size-large\"><img loading=\"lazy\" decoding=\"async\" width=\"960\" height=\"640\" data-id=\"4350\" src=\"https:\/\/cidadecriativa.floripa.br\/wp-content\/uploads\/2026\/04\/macau-103.jpg\" alt=\"\" class=\"wp-image-4350\" srcset=\"https:\/\/cidadecriativa.floripa.br\/wp-content\/uploads\/2026\/04\/macau-103.jpg 960w, https:\/\/cidadecriativa.floripa.br\/wp-content\/uploads\/2026\/04\/macau-103-300x200.jpg 300w, https:\/\/cidadecriativa.floripa.br\/wp-content\/uploads\/2026\/04\/macau-103-768x512.jpg 768w, https:\/\/cidadecriativa.floripa.br\/wp-content\/uploads\/2026\/04\/macau-103-18x12.jpg 18w\" sizes=\"(max-width: 960px) 100vw, 960px\" \/><\/figure>\n<\/figure>\n\n\n\n<h4 class=\"wp-block-heading\">Seguran\u00e7a alimentar e redu\u00e7\u00e3o do desperd\u00edcio<\/h4>\n\n\n\n<p>Entre os conte\u00fados apresentados por Florian\u00f3polis em Macau esteve o <strong>Banco de Alimentos Comunit\u00e1rio de Florian\u00f3polis<\/strong>, inaugurado em 29 de setembro de 2025, no Dia Internacional de Conscientiza\u00e7\u00e3o sobre Perdas e Desperd\u00edcio de Alimentos. A iniciativa atua para reduzir a inseguran\u00e7a alimentar, minimizar o desperd\u00edcio e estabelecer parcerias entre governo, setor privado e organiza\u00e7\u00f5es de assist\u00eancia social.<\/p>\n\n\n\n<p>O material informa que a iniciativa j\u00e1 movimenta compras institucionais equivalentes a cerca de <strong>US$ 580 mil<\/strong> It is <strong>132 toneladas<\/strong>, com prioridade para agricultores e pescadores locais. O Banco de Alimentos tamb\u00e9m atende pessoas em situa\u00e7\u00e3o de vulnerabilidade, unidades p\u00fablicas e mais de 40 organiza\u00e7\u00f5es da cidade. Como pr\u00f3ximo passo, o projeto prev\u00ea ampliar o recebimento de alimentos que perderam valor comercial, mas seguem adequados para consumo, por meio de parcerias com feiras, supermercados e restaurantes.<\/p>\n\n\n\n<p><a href=\"https:\/\/floripamanha.org\/wp-content\/uploads\/2026\/04\/Macau-2026-Banco-de-Alimentos-1.pdf\" target=\"_blank\" rel=\"noreferrer noopener\"><strong>Confira aqui a apresenta\u00e7\u00e3o sobre o banco de alimentos<\/strong><\/a><\/p>\n\n\n\n<h4 class=\"wp-block-heading\">Gastronomia segue como estrat\u00e9gia de desenvolvimento para Florian\u00f3polis<\/h4>\n\n\n\n<p>A participa\u00e7\u00e3o em Macau refor\u00e7a a estrat\u00e9gia de tratar a gastronomia como vetor de cultura, turismo, economia criativa e desenvolvimento sustent\u00e1vel. Essa constru\u00e7\u00e3o \u00e9 conduzida pelo <strong>Programa Florian\u00f3polis Cidade Criativa UNESCO da Gastronomia, coordenado pela FloripAmanh\u00e3<\/strong>, que desde 2014 atua para ampliar a visibilidade internacional da cidade, estimular interc\u00e2mbios e fortalecer a cadeia produtiva local.<\/p>","protected":false},"excerpt":{"rendered":"<p>A participa\u00e7\u00e3o de Florian\u00f3polis na Festa Internacional das Cidades de Gastronomia, em Macau, refor\u00e7ou a presen\u00e7a internacional da capital catarinense e trouxe refer\u00eancias para fortalecer o turismo gastron\u00f4mico, a promo\u00e7\u00e3o de produtos locais e a conex\u00e3o entre cultura, economia criativa e desenvolvimento. O evento foi realizado entre 20 e 29\/03, na China. A presen\u00e7a da [&hellip;]<\/p>\n","protected":false},"author":4,"featured_media":4336,"comment_status":"closed","ping_status":"closed","sticky":false,"template":"","format":"standard","meta":{"footnotes":""},"categories":[255],"tags":[351,343,347,341],"class_list":["post-4329","post","type-post","status-publish","format-standard","has-post-thumbnail","hentry","category-noticias","tag-cidade-criativa-unesco-da-gastronomia","tag-floripamanha","tag-gastronomia","tag-macau"],"_links":{"self":[{"href":"https:\/\/cidadecriativa.floripa.br\/en\/wp-json\/wp\/v2\/posts\/4329","targetHints":{"allow":["GET"]}}],"collection":[{"href":"https:\/\/cidadecriativa.floripa.br\/en\/wp-json\/wp\/v2\/posts"}],"about":[{"href":"https:\/\/cidadecriativa.floripa.br\/en\/wp-json\/wp\/v2\/types\/post"}],"author":[{"embeddable":true,"href":"https:\/\/cidadecriativa.floripa.br\/en\/wp-json\/wp\/v2\/users\/4"}],"replies":[{"embeddable":true,"href":"https:\/\/cidadecriativa.floripa.br\/en\/wp-json\/wp\/v2\/comments?post=4329"}],"version-history":[{"count":12,"href":"https:\/\/cidadecriativa.floripa.br\/en\/wp-json\/wp\/v2\/posts\/4329\/revisions"}],"predecessor-version":[{"id":4359,"href":"https:\/\/cidadecriativa.floripa.br\/en\/wp-json\/wp\/v2\/posts\/4329\/revisions\/4359"}],"wp:featuredmedia":[{"embeddable":true,"href":"https:\/\/cidadecriativa.floripa.br\/en\/wp-json\/wp\/v2\/media\/4336"}],"wp:attachment":[{"href":"https:\/\/cidadecriativa.floripa.br\/en\/wp-json\/wp\/v2\/media?parent=4329"}],"wp:term":[{"taxonomy":"category","embeddable":true,"href":"https:\/\/cidadecriativa.floripa.br\/en\/wp-json\/wp\/v2\/categories?post=4329"},{"taxonomy":"post_tag","embeddable":true,"href":"https:\/\/cidadecriativa.floripa.br\/en\/wp-json\/wp\/v2\/tags?post=4329"}],"curies":[{"name":"wp","href":"https:\/\/api.w.org\/{rel}","templated":true}]}}