{"id":4292,"date":"2026-03-19T18:35:25","date_gmt":"2026-03-19T21:35:25","guid":{"rendered":"https:\/\/cidadecriativa.floripa.br\/?p=4292"},"modified":"2026-03-26T08:05:52","modified_gmt":"2026-03-26T11:05:52","slug":"florianopolis-embarca-para-macau-e-amplia-presenca-internacional-na-rede-unesco-da-gastronomia","status":"publish","type":"post","link":"https:\/\/cidadecriativa.floripa.br\/en\/florianopolis-embarca-para-macau-e-amplia-presenca-internacional-na-rede-unesco-da-gastronomia\/","title":{"rendered":"Florian\u00f3polis embarca para Macau e amplia presen\u00e7a internacional na Rede UNESCO da Gastronomia"},"content":{"rendered":"<h4 class=\"wp-block-heading\">Florian\u00f3polis iniciou nesta segunda e ter\u00e7a-feira, 16 e 17\/03, o embarque de sua delega\u00e7\u00e3o para Macau, na China, onde participa da Festa Internacional das Cidades de Gastronomia, Macau 2026. O evento ocorre entre 20 e 29 de mar\u00e7o e re\u00fane perto de 40 Cidades Criativas da Gastronomia de seis continentes, no maior n\u00famero de participantes j\u00e1 registrado desde a cria\u00e7\u00e3o do festival.<\/h4>\n\n\n\n<p>A presen\u00e7a da comitiva de Florian\u00f3polis com o n\u00famero recorde de 12 participantes refor\u00e7a a atua\u00e7\u00e3o internacional do Programa Florian\u00f3polis Cidade Criativa UNESCO da Gastronomia, coordenado pela FloripAmanh\u00e3 com a participa\u00e7\u00e3o da Prefeitura Municipal de Florian\u00f3polis e outras 11 entidades no Grupo Gestor. A programa\u00e7\u00e3o re\u00fane gastronomia, turismo, inova\u00e7\u00e3o, interc\u00e2mbio cultural e debates sobre desenvolvimento sustent\u00e1vel nas cidades. O momento tamb\u00e9m marca uma nova etapa da inser\u00e7\u00e3o internacional da capital catarinense, que assume em 2026 a <strong>vice-coordena\u00e7\u00e3o da Sub-rede Mundial de Cidades Criativas da UNESCO da Gastronomia<\/strong> e, em 2028, passa a exercer a <strong>coordena\u00e7\u00e3o da articula\u00e7\u00e3o global<\/strong>.<\/p>\n\n\n\n<h4 class=\"wp-block-heading\">Florian\u00f3polis participa das diferentes frentes da programa\u00e7\u00e3o<\/h4>\n\n\n\n<p>A delega\u00e7\u00e3o de Florian\u00f3polis estar\u00e1 presente nas v\u00e1rias frentes do festival. No Passeio Gastron\u00f4mico Internacional, a cidade apresenta sua diversidade culin\u00e1ria em meio a sabores de diferentes partes do mundo. Na Mostra das Cidades Criativas da Gastronomia, leva refer\u00eancias ligadas aos ingredientes locais, aos saberes tradicionais e \u00e0 for\u00e7a da cadeia criativa da capital catarinense.<\/p>\n\n\n\n<p>A programa\u00e7\u00e3o inclui ainda o F\u00f3rum Internacional de Gastronomia de Macau, marcado para 23 de mar\u00e7o, que neste ano ter\u00e1 como tema \u201cFus\u00e3o Criativa: Reimaginando a Gastronomia para Al\u00e9m do Prato\u201d. O encontro vai discutir como a colabora\u00e7\u00e3o entre diferentes setores pode contribuir para o desenvolvimento das cidades, combinando cultura, experi\u00eancia, inova\u00e7\u00e3o e sustentabilidade.<\/p>\n\n\n\n<p>Florian\u00f3polis tamb\u00e9m acompanha as estreias do Lounge de Vinhos Mundiais e do Mercado Internacional de Produtos Gastron\u00f4micos de Excel\u00eancia, novos espa\u00e7os do festival voltados \u00e0 conex\u00e3o entre experi\u00eancias gastron\u00f4micas, bebidas, produtos alimentares, lembran\u00e7as gastron\u00f4micas e identidade cultural dos territ\u00f3rios participantes.<\/p>\n\n\n\n<h4 class=\"wp-block-heading\">Delega\u00e7\u00e3o leva chefs, produtores e representantes institucionais<\/h4>\n\n\n\n<p>A delega\u00e7\u00e3o re\u00fane representantes da FloripAmanh\u00e3, da Prefeitura Municipal de Florian\u00f3polis, chefs, restaurantes e produtores locais.<\/p>\n\n\n\n<p><strong>Participantes de Florian\u00f3polis&nbsp;<\/strong><\/p>\n\n\n\n<p><strong>Cerim\u00f4nia de abertura e F\u00f3rum de Gastronomia: <\/strong><strong>&#8211; <\/strong>Marcus Jos\u00e9 Rocha (FloripAmanh\u00e3)<br>&#8211; Ana Paula Reusing Pacheco (Prefeitura Municipal de Florian\u00f3polis)<\/p>\n\n\n\n<p><strong>Mostra das Cidades Criativas da Gastronomia: <\/strong><strong>&#8211; <\/strong>Chef Pedro Soares Medeiros<br>&#8211; Chef Gabriel Sant\u2019Ana&nbsp;<\/p>\n\n\n\n<p><strong>Promenade Internacional de Gastronomia:<\/strong><\/p>\n\n\n\n<p>&#8211; Chef Claudio Odilio Nunes Junior e Marilia de Souza (Franz Cabaret)<br>&#8211; Chef Narbal de Souza Corr\u00eaa e Victoria Filomeno de Souza Corr\u00eaa (Rei do Mar)<br>&#8211; Chef Fabiano Gon\u00e7alves Dias Greg\u00f3rio e Juliana Ziegler Greg\u00f3rio (Bija Ecogastronomia)<\/p>\n\n\n\n<p><strong>Global Goodies Market:<\/strong><\/p>\n\n\n\n<p>&#8211; Andre Tadayoshi Hiragami, da Hiragami\u2019s Fruit, com a Indica\u00e7\u00e3o Geogr\u00e1fica Ma\u00e7\u00e3 Fuji da Regi\u00e3o de S\u00e3o Joaquim<br>&#8211; Pedro Augusto Stanga, da Sulmel, com a Indica\u00e7\u00e3o Geogr\u00e1fica Mel de Melato da Bracatinga do Planalto Sul Brasileiro<\/p>\n\n\n\n<h4 class=\"wp-block-heading\">Evento cresce em 2 026 e amplia articula\u00e7\u00e3o entre gastronomia, turismo e inova\u00e7\u00e3o<\/h4>\n\n\n\n<p>Organizada pela Direc\u00e7\u00e3o dos Servi\u00e7os de Turismo de Macau, a edi\u00e7\u00e3o de 2026 apresenta uma estrutura ampliada, com programa\u00e7\u00e3o em dois locais pela primeira vez e cinco eixos principais. A proposta \u00e9 fortalecer a conex\u00e3o entre turismo e gastronomia, valorizar as culturas alimentares locais e ampliar a troca de experi\u00eancias entre cidades da Rede de Cidades Criativas da Organiza\u00e7\u00e3o das Na\u00e7\u00f5es Unidas para a Educa\u00e7\u00e3o, a Ci\u00eancia e a Cultura (UNESCO).<\/p>\n\n\n\n<p>Al\u00e9m do local principal, na Pra\u00e7a do Coliseu Romano e no Legend Boulevard da Doca dos Pescadores de Macau, o festival ter\u00e1 um espa\u00e7o adicional na Rua de Cant\u00e3o e na Rua de Xangai, com a proposta de movimentar a economia local da regi\u00e3o.<\/p>\n\n\n\n<h4 class=\"wp-block-heading\">Participa\u00e7\u00e3o refor\u00e7a trajet\u00f3ria internacional iniciada em 2016<\/h4>\n\n\n\n<p>A presen\u00e7a em Macau em 2026 d\u00e1 continuidade a uma trajet\u00f3ria iniciada em 2016, quando Florian\u00f3polis participou do Primeiro F\u00f3rum Internacional de Gastronomia de Macau com representantes da gastronomia local e de entidades do setor.<\/p>\n\n\n\n<p>Em 2025, uma delega\u00e7\u00e3o hist\u00f3rica da capital catarinense, formada por oito participantes, esteve no evento e compartilhou aprendizados sobre coopera\u00e7\u00e3o internacional, valoriza\u00e7\u00e3o de saberes locais e o papel da gastronomia como agenda de desenvolvimento para a cidade.<\/p>\n\n\n\n<p>Ao longo dessa trajet\u00f3ria, o Programa Florian\u00f3polis Cidade Criativa UNESCO da Gastronomia j\u00e1 enviou representantes institucionais e profissionais da gastronomia local para 22 cidades estrangeiras de 13 pa\u00edses da \u00c1sia, Am\u00e9ricas e Europa, al\u00e9m de 11 cidades brasileiras em nove estados.<\/p>\n\n\n\n<h4 class=\"wp-block-heading\">Gastronomia como estrat\u00e9gia de desenvolvimento da cidade<\/h4>\n\n\n\n<p>Florian\u00f3polis recebeu a chancela de Cidade Criativa da Gastronomia pela UNESCO em 2 de dezembro de 2014, tornando-se a primeira cidade brasileira a conquistar esse reconhecimento na \u00e1rea. A partir dessa inser\u00e7\u00e3o na rede, a cidade passou a ampliar a\u00e7\u00f5es de valoriza\u00e7\u00e3o dos saberes e modos de fazer culin\u00e1rios, do interc\u00e2mbio com outras culturas e do fortalecimento do turismo gastron\u00f4mico.<\/p>\n\n\n\n<p>A participa\u00e7\u00e3o em Macau tamb\u00e9m refor\u00e7a essa estrat\u00e9gia ao inserir Florian\u00f3polis em um ambiente de circula\u00e7\u00e3o internacional de ideias, pr\u00e1ticas e conex\u00f5es, em que a gastronomia \u00e9 apresentada como vetor de cultura, economia criativa e desenvolvimento sustent\u00e1vel.<\/p>\n\n\n\n<h4 class=\"wp-block-heading\">Festival ter\u00e1 10 dias de programa\u00e7\u00e3o e cerca de 100 estandes gastron\u00f4micos<\/h4>\n\n\n\n<p>Entre os destaques anunciados pela organiza\u00e7\u00e3o est\u00e1 a Avenida de Gastronomia Internacional, que reunir\u00e1 100 estandes gastron\u00f4micos de v\u00e1rias partes do mundo, al\u00e9m de \u00e1rea de refei\u00e7\u00f5es com cerca de 800 lugares, apresenta\u00e7\u00f5es no palco e espa\u00e7os interativos. O festival contar\u00e1 ainda com 53 demonstra\u00e7\u00f5es culin\u00e1rias realizadas por chefs de 25 Cidades Criativas da Gastronomia.<\/p>\n\n\n\n<p>Com essa dimens\u00e3o, a edi\u00e7\u00e3o de 2026 consolida Macau como uma plataforma internacional de interc\u00e2mbio entre cidades que atuam na gastronomia como express\u00e3o cultural e como estrat\u00e9gia de desenvolvimento urbano.<\/p>\n\n\n\n<h4 class=\"wp-block-heading\">Grupo Gestor do Programa Florian\u00f3polis Cidade Criativa UNESCO da Gastronomia<\/h4>\n\n\n\n<figure class=\"wp-block-image size-full\"><img fetchpriority=\"high\" decoding=\"async\" width=\"960\" height=\"435\" src=\"https:\/\/cidadecriativa.floripa.br\/wp-content\/uploads\/2026\/03\/grupo-gestor.jpg\" alt=\"\" class=\"wp-image-4319\" srcset=\"https:\/\/cidadecriativa.floripa.br\/wp-content\/uploads\/2026\/03\/grupo-gestor.jpg 960w, https:\/\/cidadecriativa.floripa.br\/wp-content\/uploads\/2026\/03\/grupo-gestor-300x136.jpg 300w, https:\/\/cidadecriativa.floripa.br\/wp-content\/uploads\/2026\/03\/grupo-gestor-768x348.jpg 768w, https:\/\/cidadecriativa.floripa.br\/wp-content\/uploads\/2026\/03\/grupo-gestor-18x8.jpg 18w\" sizes=\"(max-width: 960px) 100vw, 960px\" \/><\/figure>\n\n\n\n<p><\/p>","protected":false},"excerpt":{"rendered":"<p>Florian\u00f3polis iniciou nesta segunda e ter\u00e7a-feira, 16 e 17\/03, o embarque de sua delega\u00e7\u00e3o para Macau, na China, onde participa da Festa Internacional das Cidades de Gastronomia, Macau 2026. O evento ocorre entre 20 e 29 de mar\u00e7o e re\u00fane perto de 40 Cidades Criativas da Gastronomia de seis continentes, no maior n\u00famero de participantes [&hellip;]<\/p>\n","protected":false},"author":4,"featured_media":4307,"comment_status":"closed","ping_status":"closed","sticky":false,"template":"","format":"standard","meta":{"footnotes":""},"categories":[255],"tags":[351,344,347,341],"class_list":["post-4292","post","type-post","status-publish","format-standard","has-post-thumbnail","hentry","category-noticias","tag-cidade-criativa-unesco-da-gastronomia","tag-economia-criativa","tag-gastronomia","tag-macau"],"_links":{"self":[{"href":"https:\/\/cidadecriativa.floripa.br\/en\/wp-json\/wp\/v2\/posts\/4292","targetHints":{"allow":["GET"]}}],"collection":[{"href":"https:\/\/cidadecriativa.floripa.br\/en\/wp-json\/wp\/v2\/posts"}],"about":[{"href":"https:\/\/cidadecriativa.floripa.br\/en\/wp-json\/wp\/v2\/types\/post"}],"author":[{"embeddable":true,"href":"https:\/\/cidadecriativa.floripa.br\/en\/wp-json\/wp\/v2\/users\/4"}],"replies":[{"embeddable":true,"href":"https:\/\/cidadecriativa.floripa.br\/en\/wp-json\/wp\/v2\/comments?post=4292"}],"version-history":[{"count":21,"href":"https:\/\/cidadecriativa.floripa.br\/en\/wp-json\/wp\/v2\/posts\/4292\/revisions"}],"predecessor-version":[{"id":4327,"href":"https:\/\/cidadecriativa.floripa.br\/en\/wp-json\/wp\/v2\/posts\/4292\/revisions\/4327"}],"wp:featuredmedia":[{"embeddable":true,"href":"https:\/\/cidadecriativa.floripa.br\/en\/wp-json\/wp\/v2\/media\/4307"}],"wp:attachment":[{"href":"https:\/\/cidadecriativa.floripa.br\/en\/wp-json\/wp\/v2\/media?parent=4292"}],"wp:term":[{"taxonomy":"category","embeddable":true,"href":"https:\/\/cidadecriativa.floripa.br\/en\/wp-json\/wp\/v2\/categories?post=4292"},{"taxonomy":"post_tag","embeddable":true,"href":"https:\/\/cidadecriativa.floripa.br\/en\/wp-json\/wp\/v2\/tags?post=4292"}],"curies":[{"name":"wp","href":"https:\/\/api.w.org\/{rel}","templated":true}]}}