{"id":4209,"date":"2026-01-12T10:42:55","date_gmt":"2026-01-12T13:42:55","guid":{"rendered":"https:\/\/cidadecriativa.floripa.br\/?p=4209"},"modified":"2026-01-12T10:46:12","modified_gmt":"2026-01-12T13:46:12","slug":"acif-lanca-rota-das-ostras-e-amplia-visibilidade-do-ribeirao-da-ilha-no-turismo-de-experiencia","status":"publish","type":"post","link":"https:\/\/cidadecriativa.floripa.br\/en\/acif-lanca-rota-das-ostras-e-amplia-visibilidade-do-ribeirao-da-ilha-no-turismo-de-experiencia\/","title":{"rendered":"ACIF lan\u00e7a Rota das Ostras e amplia visibilidade do Ribeir\u00e3o da Ilha no turismo de experi\u00eancia"},"content":{"rendered":"<p><strong>Site re\u00fane fazendas marinhas, processos de cultivo, trilhas hist\u00f3ricas, arte, caf\u00e9s, restaurantes e hospedagens que dialogam com a paisagem, os sabores e as hist\u00f3rias do bairro.<\/strong><\/p>\n\n\n\n<p>O Ribeir\u00e3o da Ilha ganhou, na pr\u00e1tica, uma nova vitrine para aquilo que tem de mais aut\u00eantico. Foi lan\u00e7ado, recentemente, durante o Encontro de Neg\u00f3cios da ACIF, no OKA Floripa, o <a href=\"https:\/\/rotadasostras.com.br\/\" target=\"_blank\" rel=\"noreferrer noopener\"><strong>site da Rota das Ostras<\/strong><\/a>, reunindo experi\u00eancias, servi\u00e7os e hist\u00f3rias que traduzem a for\u00e7a econ\u00f4mica, cultural e tur\u00edstica de uma das regi\u00f5es mais emblem\u00e1ticas de Florian\u00f3polis.<\/p>\n\n\n\n<p>N\u00e3o se trata apenas de um endere\u00e7o na internet, mas de uma plataforma pensada para organizar e dar visibilidade a um territ\u00f3rio que j\u00e1 \u00e9 protagonista. Santa Catarina responde por mais de 90% da produ\u00e7\u00e3o nacional de ostras, e Florian\u00f3polis lidera esse movimento.<\/p>\n\n\n\n<p>Dentro desse contexto, o Ribeir\u00e3o ocupa posi\u00e7\u00e3o estrat\u00e9gica ao unir maricultura, gastronomia e tradi\u00e7\u00e3o a\u00e7oriana, agora conectadas de forma mais acess\u00edvel a moradores, turistas e agentes de viagem.<\/p>\n\n\n\n<p>O site facilita o acesso a informa\u00e7\u00f5es e contatos de restaurantes, fazendas marinhas, hospedagens, artes\u00e3os, operadores tur\u00edsticos e iniciativas culturais. A proposta \u00e9 simples e ambiciosa: estimular o turismo de experi\u00eancia, valorizar o empreendedorismo local e fortalecer a economia comunit\u00e1ria sem perder a identidade que moldou o bairro ao longo dos s\u00e9culos.<\/p>\n\n\n\n<p>Para o presidente da ACIF, C\u00e9lio Bernardi, a Rota das Ostras simboliza esse encontro entre pertencimento e inova\u00e7\u00e3o. Ao integrar neg\u00f3cios, produtores e viv\u00eancias, a plataforma consolida um produto tur\u00edstico genu\u00edno, alinhado ao turismo consciente e j\u00e1 reconhecido al\u00e9m das fronteiras do Estado.<\/p>\n\n\n\n<p>Quem acessa o&nbsp;<a href=\"http:\/\/www.rotadasostras.com.br\/\" target=\"_blank\" rel=\"noreferrer noopener\">site<\/a>&nbsp;encontra um convite para ir al\u00e9m do prato \u00e0 mesa. \u00c9 poss\u00edvel conhecer fazendas marinhas e processos de cultivo, trilhas hist\u00f3ricas, arte local, caf\u00e9s, restaurantes e hospedagens que dialogam com a paisagem, os sabores e as hist\u00f3rias do Ribeir\u00e3o.<\/p>\n\n\n\n<p>A lista de empreendimentos reflete essa diversidade: do artesanato afetivo \u00e0 produ\u00e7\u00e3o sustent\u00e1vel de ostras, passando por experi\u00eancias sensoriais, arte, dan\u00e7a e gastronomia \u00e0 beira-mar.<\/p>\n\n\n\n<p>Ao organizar esse ecossistema numa plataforma digital, a ACIF d\u00e1 um passo importante, transformando voca\u00e7\u00e3o em estrat\u00e9gia. E mostra que desenvolvimento econ\u00f4mico e valoriza\u00e7\u00e3o cultural n\u00e3o apenas convivem como podem \u2013 e devem \u2013 caminhar juntos.<\/p>","protected":false},"excerpt":{"rendered":"<p>Site re\u00fane fazendas marinhas, processos de cultivo, trilhas hist\u00f3ricas, arte, caf\u00e9s, restaurantes e hospedagens que dialogam com a paisagem, os sabores e as hist\u00f3rias do bairro. O Ribeir\u00e3o da Ilha ganhou, na pr\u00e1tica, uma nova vitrine para aquilo que tem de mais aut\u00eantico. Foi lan\u00e7ado, recentemente, durante o Encontro de Neg\u00f3cios da ACIF, no OKA [&hellip;]<\/p>\n","protected":false},"author":4,"featured_media":4210,"comment_status":"closed","ping_status":"closed","sticky":false,"template":"","format":"standard","meta":{"footnotes":""},"categories":[255],"tags":[381,347,384,383,139,382,353],"class_list":["post-4209","post","type-post","status-publish","format-standard","has-post-thumbnail","hentry","category-noticias","tag-acif","tag-gastronomia","tag-moluscos","tag-ostras","tag-ribeirao-da-ilha","tag-rotas-das-ostras","tag-turismo"],"_links":{"self":[{"href":"https:\/\/cidadecriativa.floripa.br\/en\/wp-json\/wp\/v2\/posts\/4209","targetHints":{"allow":["GET"]}}],"collection":[{"href":"https:\/\/cidadecriativa.floripa.br\/en\/wp-json\/wp\/v2\/posts"}],"about":[{"href":"https:\/\/cidadecriativa.floripa.br\/en\/wp-json\/wp\/v2\/types\/post"}],"author":[{"embeddable":true,"href":"https:\/\/cidadecriativa.floripa.br\/en\/wp-json\/wp\/v2\/users\/4"}],"replies":[{"embeddable":true,"href":"https:\/\/cidadecriativa.floripa.br\/en\/wp-json\/wp\/v2\/comments?post=4209"}],"version-history":[{"count":3,"href":"https:\/\/cidadecriativa.floripa.br\/en\/wp-json\/wp\/v2\/posts\/4209\/revisions"}],"predecessor-version":[{"id":4215,"href":"https:\/\/cidadecriativa.floripa.br\/en\/wp-json\/wp\/v2\/posts\/4209\/revisions\/4215"}],"wp:featuredmedia":[{"embeddable":true,"href":"https:\/\/cidadecriativa.floripa.br\/en\/wp-json\/wp\/v2\/media\/4210"}],"wp:attachment":[{"href":"https:\/\/cidadecriativa.floripa.br\/en\/wp-json\/wp\/v2\/media?parent=4209"}],"wp:term":[{"taxonomy":"category","embeddable":true,"href":"https:\/\/cidadecriativa.floripa.br\/en\/wp-json\/wp\/v2\/categories?post=4209"},{"taxonomy":"post_tag","embeddable":true,"href":"https:\/\/cidadecriativa.floripa.br\/en\/wp-json\/wp\/v2\/tags?post=4209"}],"curies":[{"name":"wp","href":"https:\/\/api.w.org\/{rel}","templated":true}]}}