{"id":4198,"date":"2025-12-18T16:48:34","date_gmt":"2025-12-18T19:48:34","guid":{"rendered":"https:\/\/cidadecriativa.floripa.br\/?p=4198"},"modified":"2025-12-18T16:55:24","modified_gmt":"2025-12-18T19:55:24","slug":"florianopolis-e-eleita-para-a-vice-coordenacao-da-sub-rede-mundial-de-cidades-criativas-da-unesco-da-gastronomia","status":"publish","type":"post","link":"https:\/\/cidadecriativa.floripa.br\/en\/florianopolis-e-eleita-para-a-vice-coordenacao-da-sub-rede-mundial-de-cidades-criativas-da-unesco-da-gastronomia\/","title":{"rendered":"Florian\u00f3polis \u00e9 eleita para a vice-coordena\u00e7\u00e3o da Sub-rede Mundial de Cidades Criativas da UNESCO da Gastronomia"},"content":{"rendered":"<p><strong>Reconhecimento posiciona a cidade em papel de lideran\u00e7a dentro da Rede Mundial de Cidades Criativas da UNESCO. Ap\u00f3s dois anos na vice-coordena\u00e7\u00e3o, Florian\u00f3polis ser\u00e1 a coordenadora da Sub-rede Mundial de Cidades Criativas da UNESCO da Gastronomia em 2028-2029. A FloripAmanh\u00e3 \u00e9 respons\u00e1vel pela coordena\u00e7\u00e3o geral do Programa Florian\u00f3polis Cidade Criativa UNESCO da Gastronomia.<\/strong><\/p>\n\n\n\n<p>A elei\u00e7\u00e3o de Florian\u00f3polis para exercer a vice-coordena\u00e7\u00e3o da Sub-rede Mundial de Cidades Criativas da UNESCO da Gastronomia foi oficializada por meio de comunicado assinado pelo ponto focal da Cidade Criativa de B\u00e9rgamo, na It\u00e1lia, atual coordenadora da sub-rede, Claudio Cecchinelli. A confirma\u00e7\u00e3o ocorreu nesta quarta-feira, 17 de dezembro.<\/p>\n\n\n\n<p>A capital catarinense foi escolhida a partir de vota\u00e7\u00e3o entre as 56 cidades integrantes da Sub-rede Mundial de Gastronomia para assumir a vice-coordena\u00e7\u00e3o pelo per\u00edodo de dois anos, a partir de 2026, e, posteriormente, a coordena\u00e7\u00e3o plena por mais dois anos. O processo contou com ampla participa\u00e7\u00e3o das cidades da Rede, refletindo o engajamento internacional e a confian\u00e7a na capacidade de articula\u00e7\u00e3o de Florian\u00f3polis.<\/p>\n\n\n\n<p>\u201cFlorian\u00f3polis ser eleita para essa posi\u00e7\u00e3o representa uma oportunidade concreta de troca e crescimento, al\u00e9m de um reconhecimento importante para a cidade\u201d, avalia a coordenadora do Programa Florian\u00f3polis Cidade Criativa UNESCO da Gastronomia, Anita Pires. \u201cA elei\u00e7\u00e3o amplia a visibilidade internacional, fortalece o interc\u00e2mbio cultural e cria novas possibilidades de parcerias, neg\u00f3cios e desenvolvimento de projetos inovadores\u201d, acrescenta Anita, diretora eleita de Economia Criativa da gest\u00e3o 2026\u20132027 da FloripAmanh\u00e3.<\/p>\n\n\n\n<p>Segundo o secret\u00e1rio municipal de Desenvolvimento Econ\u00f4mico, Tecnologia e Inova\u00e7\u00e3o, Juliano Richter Pires, assumir a vice-coordena\u00e7\u00e3o dessa sub-rede da UNESCO \u00e9 um passo importante para Florian\u00f3polis no cen\u00e1rio internacional. \u201cA cidade passa a ocupar um espa\u00e7o de articula\u00e7\u00e3o e coopera\u00e7\u00e3o que dialoga diretamente com o desenvolvimento econ\u00f4mico, a inova\u00e7\u00e3o e a valoriza\u00e7\u00e3o dos ativos culturais, alinhando a\u00e7\u00f5es locais a uma agenda global\u201d, afirma Pires.<\/p>\n\n\n\n<p><strong>Gastronomia como vetor de desenvolvimento sustent\u00e1vel<\/strong><\/p>\n\n\n\n<p>A elei\u00e7\u00e3o reconhece a trajet\u00f3ria de Florian\u00f3polis no fortalecimento da economia criativa, no interc\u00e2mbio internacional e na promo\u00e7\u00e3o da gastronomia como ativo cultural, social e econ\u00f4mico. A cidade integra a Rede Mundial de Cidades Criativas da UNESCO desde 2014 e se destaca pela constru\u00e7\u00e3o de uma governan\u00e7a baseada na articula\u00e7\u00e3o entre sociedade civil, poder p\u00fablico e iniciativa privada.<\/p>\n\n\n\n<p>Para o diretor adjunto de Economia Criativa eleito da FloripAmanh\u00e3 e integrante da Equipe Focal do Programa Florian\u00f3polis Cidade Criativa UNESCO da Gastronomia, Marcus Rocha, a escolha reflete um trabalho coletivo desenvolvido ao longo dos anos. \u201cFlorian\u00f3polis foi eleita entre todas as Cidades Criativas da Gastronomia do mundo para ocupar essa posi\u00e7\u00e3o. Isso evidencia o trabalho da cidade realizado na economia criativa e o papel da governan\u00e7a constru\u00edda, com forte participa\u00e7\u00e3o da sociedade civil, da FloripAmanh\u00e3, da Prefeitura de Florian\u00f3polis e de outros atores na promo\u00e7\u00e3o do desenvolvimento sustent\u00e1vel a partir dos ativos culturais\u201d, comenta. \u201c\u00c9 uma honra e uma grande responsabilidade, que tende a ampliar ainda mais a presen\u00e7a internacional da cidade\u201d, completa.<\/p>\n\n\n\n<p>A coordena\u00e7\u00e3o da Sub-rede Mundial de Cidades Criativas da Gastronomia envolve a articula\u00e7\u00e3o entre cidades de diferentes pa\u00edses, a promo\u00e7\u00e3o de interc\u00e2mbios t\u00e9cnicos e culturais, o compartilhamento de boas pr\u00e1ticas e o fortalecimento da gastronomia como vetor de desenvolvimento sustent\u00e1vel. A fun\u00e7\u00e3o amplia a presen\u00e7a internacional de Florian\u00f3polis e refor\u00e7a o protagonismo da cidade nos debates da Rede Mundial de Cidades Criativas da UNESCO.<\/p>\n\n\n\n<p>A FloripAmanh\u00e3, que liderou o processo de candidatura de Florian\u00f3polis ao t\u00edtulo de Cidade Criativa da Gastronomia da UNESCO e coordena o programa desde sua implanta\u00e7\u00e3o, atua como articuladora da governan\u00e7a local e segue contribuindo para consolidar a posi\u00e7\u00e3o da cidade no cen\u00e1rio internacional, promovendo coopera\u00e7\u00e3o, planejamento e vis\u00e3o de longo prazo para o desenvolvimento de Florian\u00f3polis.<\/p>\n\n\n\n<p><strong>Grupo Gestor do Programa Florian\u00f3polis Cidade Criativa UNESCO da Gastronomia<\/strong><\/p>\n\n\n\n<ul class=\"wp-block-list\">\n<li>Prefeitura de Florian\u00f3polis (PMF)<\/li>\n\n\n\n<li><strong>Associa\u00e7\u00e3o FloripAmanh\u00e3 (coordena\u00e7\u00e3o)<\/strong><\/li>\n\n\n\n<li>Associa\u00e7\u00e3o Brasileira de Bares e Restaurantes (Abrasel-SC)<\/li>\n\n\n\n<li>C\u00e2mara de Dirigentes Lojistas de Florian\u00f3polis (CDL Florian\u00f3polis)<\/li>\n\n\n\n<li>Destino Floripa e Regi\u00e3o<\/li>\n\n\n\n<li>Funda\u00e7\u00e3o Franklin Cascaes<\/li>\n\n\n\n<li>Instituto Federal de Santa Catarina (IFSC)<\/li>\n\n\n\n<li>JCI Florian\u00f3polis \u2013 Organiza\u00e7\u00e3o Local da Junior Chamber International<\/li>\n\n\n\n<li>Secretaria de Inova\u00e7\u00e3o da Universidade Federal de Santa Catarina (SINOVA UFSC)<\/li>\n\n\n\n<li>Servi\u00e7o Brasileiro de Apoio \u00e0s Micro e Pequenas Empresas de Santa Catarina (Sebrae-SC)<\/li>\n\n\n\n<li>Servi\u00e7o Nacional de Aprendizagem Comercial de Santa Catarina (Senac-SC)<\/li>\n\n\n\n<li>Servi\u00e7o Social do Com\u00e9rcio de Santa Catarina (SESC-SC)<\/li>\n\n\n\n<li>Sindicato de Hot\u00e9is Restaurantes Bares e Similares de Florian\u00f3polis (SHRBS)<\/li>\n<\/ul>\n\n\n\n<p><\/p>","protected":false},"excerpt":{"rendered":"<p>Reconhecimento posiciona a cidade em papel de lideran\u00e7a dentro da Rede Mundial de Cidades Criativas da UNESCO. Ap\u00f3s dois anos na vice-coordena\u00e7\u00e3o, Florian\u00f3polis ser\u00e1 a coordenadora da Sub-rede Mundial de Cidades Criativas da UNESCO da Gastronomia em 2028-2029. A FloripAmanh\u00e3 \u00e9 respons\u00e1vel pela coordena\u00e7\u00e3o geral do Programa Florian\u00f3polis Cidade Criativa UNESCO da Gastronomia. A elei\u00e7\u00e3o [&hellip;]<\/p>\n","protected":false},"author":4,"featured_media":4200,"comment_status":"closed","ping_status":"closed","sticky":false,"template":"","format":"standard","meta":{"footnotes":""},"categories":[255],"tags":[351,344,347,380],"class_list":["post-4198","post","type-post","status-publish","format-standard","has-post-thumbnail","hentry","category-noticias","tag-cidade-criativa-unesco-da-gastronomia","tag-economia-criativa","tag-gastronomia","tag-sub-rede-mundial-de-cidades-criativas-da-unesco-da-gastronomia"],"_links":{"self":[{"href":"https:\/\/cidadecriativa.floripa.br\/en\/wp-json\/wp\/v2\/posts\/4198","targetHints":{"allow":["GET"]}}],"collection":[{"href":"https:\/\/cidadecriativa.floripa.br\/en\/wp-json\/wp\/v2\/posts"}],"about":[{"href":"https:\/\/cidadecriativa.floripa.br\/en\/wp-json\/wp\/v2\/types\/post"}],"author":[{"embeddable":true,"href":"https:\/\/cidadecriativa.floripa.br\/en\/wp-json\/wp\/v2\/users\/4"}],"replies":[{"embeddable":true,"href":"https:\/\/cidadecriativa.floripa.br\/en\/wp-json\/wp\/v2\/comments?post=4198"}],"version-history":[{"count":7,"href":"https:\/\/cidadecriativa.floripa.br\/en\/wp-json\/wp\/v2\/posts\/4198\/revisions"}],"predecessor-version":[{"id":4207,"href":"https:\/\/cidadecriativa.floripa.br\/en\/wp-json\/wp\/v2\/posts\/4198\/revisions\/4207"}],"wp:featuredmedia":[{"embeddable":true,"href":"https:\/\/cidadecriativa.floripa.br\/en\/wp-json\/wp\/v2\/media\/4200"}],"wp:attachment":[{"href":"https:\/\/cidadecriativa.floripa.br\/en\/wp-json\/wp\/v2\/media?parent=4198"}],"wp:term":[{"taxonomy":"category","embeddable":true,"href":"https:\/\/cidadecriativa.floripa.br\/en\/wp-json\/wp\/v2\/categories?post=4198"},{"taxonomy":"post_tag","embeddable":true,"href":"https:\/\/cidadecriativa.floripa.br\/en\/wp-json\/wp\/v2\/tags?post=4198"}],"curies":[{"name":"wp","href":"https:\/\/api.w.org\/{rel}","templated":true}]}}