{"id":4163,"date":"2025-11-27T18:20:16","date_gmt":"2025-11-27T21:20:16","guid":{"rendered":"https:\/\/cidadecriativa.floripa.br\/?p=4163"},"modified":"2025-12-10T16:19:08","modified_gmt":"2025-12-10T19:19:08","slug":"florianopolis-marca-presenca-no-ecriativa-em-brasilia-e-anuncia-10a-edicao-2026-na-capital-catarinense","status":"publish","type":"post","link":"https:\/\/cidadecriativa.floripa.br\/en\/florianopolis-marca-presenca-no-ecriativa-em-brasilia-e-anuncia-10a-edicao-2026-na-capital-catarinense\/","title":{"rendered":"Florian\u00f3polis marca presen\u00e7a no ECriativa em Bras\u00edlia e anuncia 10\u00aa Edi\u00e7\u00e3o 2026 na Capital Catarinense"},"content":{"rendered":"<h2 class=\"wp-block-heading\"><\/h2>\n\n\n\n<p><strong>De 25 a 28 de novembro, Bras\u00edlia sediou o IX Encontro da Rede Brasileira de Cidades Criativas da UNESCO (ECriativa), reunindo representantes das 15 cidades brasileiras integrantes da Rede UNESCO, al\u00e9m de especialistas nacionais e internacionais, gestores p\u00fablicos, empreendedores e pesquisadores da economia criativa.<\/strong><\/p>\n\n\n\n<p>Com o tema \u201cTerrit\u00f3rios Criativos do Brasil para o Mundo\u201d, o evento destacou o papel da criatividade como motor de desenvolvimento urbano, cultural e econ\u00f4mico. Florian\u00f3polis \u00e9 refer\u00eancia desde que foi reconhecida pela UNESCO como Cidade Criativa da Gastronomia, em 2014.<\/p>\n\n\n\n<p>A comitiva de Florian\u00f3polis foi composta por Marcus Jos\u00e9 Rocha, representante da Associa\u00e7\u00e3o FloripAmanh\u00e3 e integrante da Equipe Focal do Programa Florian\u00f3polis Cidade Criativa UNESCO da Gastronomia; Juliano Richter Pires, secret\u00e1rio municipal de Desenvolvimento Econ\u00f4mico, Tecnologia e Inova\u00e7\u00e3o e Bruno Rodrigues da Cunha, gestor de Economia Criativa do Sebrae\/SC.<\/p>\n\n\n\n<p>A diversidade da comitiva refor\u00e7ou o modelo de atua\u00e7\u00e3o colaborativa que diferencia Florian\u00f3polis dentro da Rede: a articula\u00e7\u00e3o entre sociedade civil, poder p\u00fablico, universidades e setor produtivo.<\/p>\n\n\n\n<p><strong>Florian\u00f3polis ser\u00e1 palco da ECriativa 2026<\/strong><\/p>\n\n\n\n<p>O Diretor Adjunto de Economia Criativa eleito da FloripAmanh\u00e3, Marcus Rocha, apresentou, as iniciativas e os avan\u00e7os da cidade no campo da economia criativa, refor\u00e7ando o protagonismo de Florian\u00f3polis na Rede de Cidades Criativas da UNESCO. \u201cPara Florian\u00f3polis, o encontro representa uma oportunidade estrat\u00e9gica para apresentar avan\u00e7os locais, fortalecer parcerias e ampliar sua atua\u00e7\u00e3o na Rede UNESCO, consolidando a cidade como um territ\u00f3rio criativo em expans\u00e3o\u201d, destacou Marcus.<\/p>\n\n\n\n<p>O momento marcou tamb\u00e9m o lan\u00e7amento oficial do <strong>ECriativa 2026, que ser\u00e1 realizado em Florian\u00f3polis entre 13 e 16 de maio<\/strong>. A edi\u00e7\u00e3o do pr\u00f3ximo ano ter\u00e1 um significado especial: integrar\u00e1 a agenda comemorativa do centen\u00e1rio da Ponte Herc\u00edlio Luz, um dos maiores s\u00edmbolos culturais e afetivos da Capital. Com programa\u00e7\u00e3o t\u00e9cnica e cultural robusta, o ECriativa 2026 fortalecer\u00e1 o interc\u00e2mbio entre territ\u00f3rios criativos de todo o pa\u00eds e ampliar\u00e1 a visibilidade das iniciativas de gastronomia, inova\u00e7\u00e3o e cultura que caracterizam Florian\u00f3polis como Cidade Criativa da UNESCO.<\/p>\n\n\n\n<p>Ao final do encontro foi elaborada a Carta do IX ECRIATIVA, documento constru\u00eddo a partir das atividades realizadas ao longo do evento. O material destaca desafios e a\u00e7\u00f5es em economia criativa nas cidades participantes, refor\u00e7a a colabora\u00e7\u00e3o nacional e internacional e institui novos Grupos de Trabalho dedicados a comunica\u00e7\u00e3o, indicadores, desenvolvimento produtivo, pol\u00edticas p\u00fablicas, tecnologia, rela\u00e7\u00f5es governamentais, coopera\u00e7\u00e3o internacional e sustentabilidade. O documento tamb\u00e9m reafirma compromissos da Rede e orienta os pr\u00f3ximos passos para fortalecer pol\u00edticas e pr\u00e1ticas criativas no pa\u00eds. <strong><a href=\"https:\/\/cidadecriativa.floripa.br\/wp-content\/uploads\/2025\/12\/A1_Carta_Brasilia_IX_ECRIATIVA_28_nov_2025_assinado-2_assinado.pdf\" target=\"_blank\" rel=\"noreferrer noopener\">Acesse aqui o documento final do IX ECriativa<\/a>.<\/strong><\/p>\n\n\n\n<p><\/p>","protected":false},"excerpt":{"rendered":"<p>De 25 a 28 de novembro, Bras\u00edlia sediou o IX Encontro da Rede Brasileira de Cidades Criativas da UNESCO (ECriativa), reunindo representantes das 15 cidades brasileiras integrantes da Rede UNESCO, al\u00e9m de especialistas nacionais e internacionais, gestores p\u00fablicos, empreendedores e pesquisadores da economia criativa. Com o tema \u201cTerrit\u00f3rios Criativos do Brasil para o Mundo\u201d, o [&hellip;]<\/p>\n","protected":false},"author":4,"featured_media":4168,"comment_status":"closed","ping_status":"closed","sticky":false,"template":"","format":"standard","meta":{"footnotes":""},"categories":[255],"tags":[351,344,378,347],"class_list":["post-4163","post","type-post","status-publish","format-standard","has-post-thumbnail","hentry","category-noticias","tag-cidade-criativa-unesco-da-gastronomia","tag-economia-criativa","tag-ecriativa","tag-gastronomia"],"_links":{"self":[{"href":"https:\/\/cidadecriativa.floripa.br\/en\/wp-json\/wp\/v2\/posts\/4163","targetHints":{"allow":["GET"]}}],"collection":[{"href":"https:\/\/cidadecriativa.floripa.br\/en\/wp-json\/wp\/v2\/posts"}],"about":[{"href":"https:\/\/cidadecriativa.floripa.br\/en\/wp-json\/wp\/v2\/types\/post"}],"author":[{"embeddable":true,"href":"https:\/\/cidadecriativa.floripa.br\/en\/wp-json\/wp\/v2\/users\/4"}],"replies":[{"embeddable":true,"href":"https:\/\/cidadecriativa.floripa.br\/en\/wp-json\/wp\/v2\/comments?post=4163"}],"version-history":[{"count":22,"href":"https:\/\/cidadecriativa.floripa.br\/en\/wp-json\/wp\/v2\/posts\/4163\/revisions"}],"predecessor-version":[{"id":4191,"href":"https:\/\/cidadecriativa.floripa.br\/en\/wp-json\/wp\/v2\/posts\/4163\/revisions\/4191"}],"wp:featuredmedia":[{"embeddable":true,"href":"https:\/\/cidadecriativa.floripa.br\/en\/wp-json\/wp\/v2\/media\/4168"}],"wp:attachment":[{"href":"https:\/\/cidadecriativa.floripa.br\/en\/wp-json\/wp\/v2\/media?parent=4163"}],"wp:term":[{"taxonomy":"category","embeddable":true,"href":"https:\/\/cidadecriativa.floripa.br\/en\/wp-json\/wp\/v2\/categories?post=4163"},{"taxonomy":"post_tag","embeddable":true,"href":"https:\/\/cidadecriativa.floripa.br\/en\/wp-json\/wp\/v2\/tags?post=4163"}],"curies":[{"name":"wp","href":"https:\/\/api.w.org\/{rel}","templated":true}]}}