{"id":4048,"date":"2025-11-06T18:32:57","date_gmt":"2025-11-06T21:32:57","guid":{"rendered":"https:\/\/cidadecriativa.floripa.br\/?p=4048"},"modified":"2025-11-06T18:42:12","modified_gmt":"2025-11-06T21:42:12","slug":"florianopolis-compartilha-experiencias-e-fortalece-parcerias-em-encontro-global-da-unesco-em-merida","status":"publish","type":"post","link":"https:\/\/cidadecriativa.floripa.br\/en\/florianopolis-compartilha-experiencias-e-fortalece-parcerias-em-encontro-global-da-unesco-em-merida\/","title":{"rendered":"Florian\u00f3polis compartilha experi\u00eancias e fortalece parcerias em encontro global da UNESCO em M\u00e9rida"},"content":{"rendered":"<h5 class=\"wp-block-heading\"><strong>Durante a Assembleia Anual da Rede de Cidades Criativas da UNESCO da Gastronomia, realizada entre 30 de outubro e 1\u00ba de novembro de 2025, em M\u00e9rida, no M\u00e9xico, Florian\u00f3polis participou das discuss\u00f5es sobre o papel da gastronomia no desenvolvimento sustent\u00e1vel e na valoriza\u00e7\u00e3o cultural.<\/strong><\/h5>\n\n\n\n<p>Representando o Programa Florian\u00f3polis Cidade Criativa UNESCO da Gastronomia, Marcus Rocha, da Associa\u00e7\u00e3o FloripAmanh\u00e3, integrou pain\u00e9is e atividades com foco na educa\u00e7\u00e3o alimentar, governan\u00e7a das cidades criativas e impacto das mudan\u00e7as clim\u00e1ticas nos sistemas alimentares, al\u00e9m de participar de reuni\u00f5es de trabalho da Rede e visitas t\u00e9cnicas e culturais na regi\u00e3o.<\/p>\n\n\n\n<p>Florian\u00f3polis apresentou na Assembleia as principais a\u00e7\u00f5es do Programa frutos da parceria entre Prefeitura e Sebrae\/SC, com destaque para os resultados principais da pesquisa da economia criativa local, capacita\u00e7\u00e3o e a Fenaostra. Tamb\u00e9m foram apresentadas informa\u00e7\u00f5es sobre outras duas iniciativas relevantes para a economia criativa da cidade: o Floripa Conecta e o Prato Manezinho, oferecido nos quiosques de praia na temporada de ver\u00e3o. \u201cV\u00e1rios representantes de outras cidades vieram nos parabenizar pelas a\u00e7\u00f5es realizadas, indicando que est\u00e3o no verdadeiro esp\u00edrito da Rede de Cidades Criativas da Unesco, atendendo a v\u00e1rios Objetivos de Desenvolvimento Sustent\u00e1vel das Na\u00e7\u00f5es Unidas\u201d, comenta Rocha.<\/p>\n\n\n\n<h5 class=\"wp-block-heading\"><strong>Florian\u00f3polis \u00e9 refer\u00eancia em Governan\u00e7a na Rede UNESCO<\/strong><\/h5>\n\n\n\n<figure class=\"wp-block-image\"><img fetchpriority=\"high\" decoding=\"async\" width=\"1280\" height=\"539\" src=\"https:\/\/cidadecriativa.floripa.br\/wp-content\/uploads\/2025\/11\/merida-mexico-assembleia.jpg\" alt=\"\" class=\"wp-image-4075\" srcset=\"https:\/\/cidadecriativa.floripa.br\/wp-content\/uploads\/2025\/11\/merida-mexico-assembleia.jpg 1280w, https:\/\/cidadecriativa.floripa.br\/wp-content\/uploads\/2025\/11\/merida-mexico-assembleia-300x126.jpg 300w, https:\/\/cidadecriativa.floripa.br\/wp-content\/uploads\/2025\/11\/merida-mexico-assembleia-1024x431.jpg 1024w, https:\/\/cidadecriativa.floripa.br\/wp-content\/uploads\/2025\/11\/merida-mexico-assembleia-768x323.jpg 768w, https:\/\/cidadecriativa.floripa.br\/wp-content\/uploads\/2025\/11\/merida-mexico-assembleia-18x8.jpg 18w\" sizes=\"(max-width: 1280px) 100vw, 1280px\" \/><\/figure>\n\n\n\n<figure class=\"wp-block-gallery has-nested-images columns-default is-cropped wp-block-gallery-1 is-layout-flex wp-block-gallery-is-layout-flex\">\n<figure class=\"wp-block-image size-large\"><img decoding=\"async\" width=\"960\" height=\"640\" data-id=\"4065\" src=\"https:\/\/cidadecriativa.floripa.br\/wp-content\/uploads\/2025\/11\/merida-09.jpg\" alt=\"\" class=\"wp-image-4065\" srcset=\"https:\/\/cidadecriativa.floripa.br\/wp-content\/uploads\/2025\/11\/merida-09.jpg 960w, https:\/\/cidadecriativa.floripa.br\/wp-content\/uploads\/2025\/11\/merida-09-300x200.jpg 300w, https:\/\/cidadecriativa.floripa.br\/wp-content\/uploads\/2025\/11\/merida-09-768x512.jpg 768w, https:\/\/cidadecriativa.floripa.br\/wp-content\/uploads\/2025\/11\/merida-09-18x12.jpg 18w\" sizes=\"(max-width: 960px) 100vw, 960px\" \/><\/figure>\n\n\n\n<figure class=\"wp-block-image size-large\"><img decoding=\"async\" width=\"1024\" height=\"683\" data-id=\"4076\" src=\"https:\/\/cidadecriativa.floripa.br\/wp-content\/uploads\/2025\/11\/rocha-merida-1024x683.jpg\" alt=\"\" class=\"wp-image-4076\" srcset=\"https:\/\/cidadecriativa.floripa.br\/wp-content\/uploads\/2025\/11\/rocha-merida-1024x683.jpg 1024w, https:\/\/cidadecriativa.floripa.br\/wp-content\/uploads\/2025\/11\/rocha-merida-300x200.jpg 300w, https:\/\/cidadecriativa.floripa.br\/wp-content\/uploads\/2025\/11\/rocha-merida-768x512.jpg 768w, https:\/\/cidadecriativa.floripa.br\/wp-content\/uploads\/2025\/11\/rocha-merida-18x12.jpg 18w, https:\/\/cidadecriativa.floripa.br\/wp-content\/uploads\/2025\/11\/rocha-merida.jpg 1200w\" sizes=\"(max-width: 1024px) 100vw, 1024px\" \/><\/figure>\n\n\n\n<figure class=\"wp-block-image size-large\"><img loading=\"lazy\" decoding=\"async\" width=\"960\" height=\"640\" data-id=\"4064\" src=\"https:\/\/cidadecriativa.floripa.br\/wp-content\/uploads\/2025\/11\/merida-10.jpg\" alt=\"\" class=\"wp-image-4064\" srcset=\"https:\/\/cidadecriativa.floripa.br\/wp-content\/uploads\/2025\/11\/merida-10.jpg 960w, https:\/\/cidadecriativa.floripa.br\/wp-content\/uploads\/2025\/11\/merida-10-300x200.jpg 300w, https:\/\/cidadecriativa.floripa.br\/wp-content\/uploads\/2025\/11\/merida-10-768x512.jpg 768w, https:\/\/cidadecriativa.floripa.br\/wp-content\/uploads\/2025\/11\/merida-10-18x12.jpg 18w\" sizes=\"(max-width: 960px) 100vw, 960px\" \/><\/figure>\n\n\n\n<figure class=\"wp-block-image size-large\"><img loading=\"lazy\" decoding=\"async\" width=\"960\" height=\"640\" data-id=\"4054\" src=\"https:\/\/cidadecriativa.floripa.br\/wp-content\/uploads\/2025\/11\/merida-20.jpg\" alt=\"\" class=\"wp-image-4054\" srcset=\"https:\/\/cidadecriativa.floripa.br\/wp-content\/uploads\/2025\/11\/merida-20.jpg 960w, https:\/\/cidadecriativa.floripa.br\/wp-content\/uploads\/2025\/11\/merida-20-300x200.jpg 300w, https:\/\/cidadecriativa.floripa.br\/wp-content\/uploads\/2025\/11\/merida-20-768x512.jpg 768w, https:\/\/cidadecriativa.floripa.br\/wp-content\/uploads\/2025\/11\/merida-20-18x12.jpg 18w\" sizes=\"(max-width: 960px) 100vw, 960px\" \/><\/figure>\n\n\n\n<figure class=\"wp-block-image size-large\"><img loading=\"lazy\" decoding=\"async\" width=\"960\" height=\"640\" data-id=\"4056\" src=\"https:\/\/cidadecriativa.floripa.br\/wp-content\/uploads\/2025\/11\/merida-19.jpg\" alt=\"\" class=\"wp-image-4056\" srcset=\"https:\/\/cidadecriativa.floripa.br\/wp-content\/uploads\/2025\/11\/merida-19.jpg 960w, https:\/\/cidadecriativa.floripa.br\/wp-content\/uploads\/2025\/11\/merida-19-300x200.jpg 300w, https:\/\/cidadecriativa.floripa.br\/wp-content\/uploads\/2025\/11\/merida-19-768x512.jpg 768w, https:\/\/cidadecriativa.floripa.br\/wp-content\/uploads\/2025\/11\/merida-19-18x12.jpg 18w\" sizes=\"(max-width: 960px) 100vw, 960px\" \/><\/figure>\n\n\n\n<figure class=\"wp-block-image size-large\"><img loading=\"lazy\" decoding=\"async\" width=\"960\" height=\"640\" data-id=\"4059\" src=\"https:\/\/cidadecriativa.floripa.br\/wp-content\/uploads\/2025\/11\/merida-15.jpg\" alt=\"\" class=\"wp-image-4059\" srcset=\"https:\/\/cidadecriativa.floripa.br\/wp-content\/uploads\/2025\/11\/merida-15.jpg 960w, https:\/\/cidadecriativa.floripa.br\/wp-content\/uploads\/2025\/11\/merida-15-300x200.jpg 300w, https:\/\/cidadecriativa.floripa.br\/wp-content\/uploads\/2025\/11\/merida-15-768x512.jpg 768w, https:\/\/cidadecriativa.floripa.br\/wp-content\/uploads\/2025\/11\/merida-15-18x12.jpg 18w\" sizes=\"(max-width: 960px) 100vw, 960px\" \/><\/figure>\n\n\n\n<figure class=\"wp-block-image size-large\"><img loading=\"lazy\" decoding=\"async\" width=\"960\" height=\"640\" data-id=\"4058\" src=\"https:\/\/cidadecriativa.floripa.br\/wp-content\/uploads\/2025\/11\/merida-16.jpg\" alt=\"\" class=\"wp-image-4058\" srcset=\"https:\/\/cidadecriativa.floripa.br\/wp-content\/uploads\/2025\/11\/merida-16.jpg 960w, https:\/\/cidadecriativa.floripa.br\/wp-content\/uploads\/2025\/11\/merida-16-300x200.jpg 300w, https:\/\/cidadecriativa.floripa.br\/wp-content\/uploads\/2025\/11\/merida-16-768x512.jpg 768w, https:\/\/cidadecriativa.floripa.br\/wp-content\/uploads\/2025\/11\/merida-16-18x12.jpg 18w\" sizes=\"(max-width: 960px) 100vw, 960px\" \/><\/figure>\n\n\n\n<figure class=\"wp-block-image size-large\"><img loading=\"lazy\" decoding=\"async\" width=\"960\" height=\"640\" data-id=\"4057\" src=\"https:\/\/cidadecriativa.floripa.br\/wp-content\/uploads\/2025\/11\/merida-17.jpg\" alt=\"\" class=\"wp-image-4057\" srcset=\"https:\/\/cidadecriativa.floripa.br\/wp-content\/uploads\/2025\/11\/merida-17.jpg 960w, https:\/\/cidadecriativa.floripa.br\/wp-content\/uploads\/2025\/11\/merida-17-300x200.jpg 300w, https:\/\/cidadecriativa.floripa.br\/wp-content\/uploads\/2025\/11\/merida-17-768x512.jpg 768w, https:\/\/cidadecriativa.floripa.br\/wp-content\/uploads\/2025\/11\/merida-17-18x12.jpg 18w\" sizes=\"(max-width: 960px) 100vw, 960px\" \/><\/figure>\n\n\n\n<figure class=\"wp-block-image size-large\"><img loading=\"lazy\" decoding=\"async\" width=\"960\" height=\"640\" data-id=\"4055\" src=\"https:\/\/cidadecriativa.floripa.br\/wp-content\/uploads\/2025\/11\/merida-18.jpg\" alt=\"\" class=\"wp-image-4055\" srcset=\"https:\/\/cidadecriativa.floripa.br\/wp-content\/uploads\/2025\/11\/merida-18.jpg 960w, https:\/\/cidadecriativa.floripa.br\/wp-content\/uploads\/2025\/11\/merida-18-300x200.jpg 300w, https:\/\/cidadecriativa.floripa.br\/wp-content\/uploads\/2025\/11\/merida-18-768x512.jpg 768w, https:\/\/cidadecriativa.floripa.br\/wp-content\/uploads\/2025\/11\/merida-18-18x12.jpg 18w\" sizes=\"(max-width: 960px) 100vw, 960px\" \/><\/figure>\n<\/figure>\n\n\n\n<p><strong>O evento reuniu representantes de dezenas de cidades de todo o mundo sob o tema&nbsp;<\/strong><strong><em>\u201cEmpowering cities and communities through Gastronomy\u201d<\/em><\/strong>.&nbsp; Foram realizados debates em formato&nbsp;<em>World Caf\u00e9<\/em>, organizados em tr\u00eas mesas tem\u00e1ticas principais:<\/p>\n\n\n\n<p><strong>Gastronomia e Educa\u00e7\u00e3o<\/strong>: Apontou-se o protagonismo das escolas na forma\u00e7\u00e3o de crian\u00e7as e adolescentes quanto \u00e0 valoriza\u00e7\u00e3o da cultura alimentar local. Contudo, \u201cobservou-se a aus\u00eancia de pol\u00edticas voltadas \u00e0 capacita\u00e7\u00e3o de adultos, sobretudo para atua\u00e7\u00e3o nas cadeias produtivas da gastronomia\u201d, analisa Rocha.<\/p>\n\n\n\n<p><strong>Governan\u00e7a<\/strong>: A instabilidade dos programas locais foi atribu\u00edda \u00e0 centraliza\u00e7\u00e3o da gest\u00e3o em um \u00fanico ator, muitas vezes a Prefeitura. Como alternativa, foi defendida a forma\u00e7\u00e3o de modelos de governan\u00e7a com base em ecossistemas colaborativos, envolvendo poder p\u00fablico, universidades, setor privado e sociedade civil \u2014&nbsp;<strong>modelo adotado com sucesso em Florian\u00f3polis desde 2014, sob a coordena\u00e7\u00e3o geral da FloripAmanh\u00e3.<\/strong><\/p>\n\n\n\n<p><strong>Mudan\u00e7as Clim\u00e1ticas<\/strong>: Foram apresentados impactos j\u00e1 sentidos em diversas cidades, como mar\u00e9s vermelhas, escassez de pasto e altera\u00e7\u00f5es no regime de chuvas, afetando diretamente a disponibilidade de ingredientes tradicionais.<\/p>\n\n\n\n<p><strong>Na agenda de trabalho coletivo das Cidades Criativas Unesco da Gastronomia<\/strong>, debateu-se assuntos internos do cluster criativo da Gastronomia, com destaque para a mudan\u00e7a da Coordena\u00e7\u00e3o para o representante da cidade de B\u00e9rgamo, It\u00e1lia, Cl\u00e1udio Cechinelli. Tamb\u00e9m foram&nbsp; abertas as inscri\u00e7\u00f5es para cidades que queiram propor seus representantes para a subcoordena\u00e7\u00e3o do cluster. Importante mencionar que a subcoordena\u00e7\u00e3o deve ser das Am\u00e9ricas ou da \u00c1sia. Tamb\u00e9m foi anunciado o resultado da vota\u00e7\u00e3o da cidade que hospedar\u00e1 o pr\u00f3ximo encontro mundial das Cidades Criativas Unesco da Gastronomia: Kuching, na Mal\u00e1sia. O evento ocorrer\u00e1 no m\u00eas de Agosto de 2026.<\/p>\n\n\n\n<h5 class=\"wp-block-heading\"><strong>Visitas T\u00e9cnicas e cultura alimentar no M\u00e9xico<\/strong><\/h5>\n\n\n\n<figure class=\"wp-block-gallery has-nested-images columns-default is-cropped wp-block-gallery-2 is-layout-flex wp-block-gallery-is-layout-flex\">\n<figure class=\"wp-block-image size-large\"><img loading=\"lazy\" decoding=\"async\" width=\"960\" height=\"640\" data-id=\"4069\" src=\"https:\/\/cidadecriativa.floripa.br\/wp-content\/uploads\/2025\/11\/merida-05.jpg\" alt=\"\" class=\"wp-image-4069\" srcset=\"https:\/\/cidadecriativa.floripa.br\/wp-content\/uploads\/2025\/11\/merida-05.jpg 960w, https:\/\/cidadecriativa.floripa.br\/wp-content\/uploads\/2025\/11\/merida-05-300x200.jpg 300w, https:\/\/cidadecriativa.floripa.br\/wp-content\/uploads\/2025\/11\/merida-05-768x512.jpg 768w, https:\/\/cidadecriativa.floripa.br\/wp-content\/uploads\/2025\/11\/merida-05-18x12.jpg 18w\" sizes=\"(max-width: 960px) 100vw, 960px\" \/><\/figure>\n\n\n\n<figure class=\"wp-block-image size-large\"><img loading=\"lazy\" decoding=\"async\" width=\"960\" height=\"640\" data-id=\"4060\" src=\"https:\/\/cidadecriativa.floripa.br\/wp-content\/uploads\/2025\/11\/merida-14.jpg\" alt=\"\" class=\"wp-image-4060\" srcset=\"https:\/\/cidadecriativa.floripa.br\/wp-content\/uploads\/2025\/11\/merida-14.jpg 960w, https:\/\/cidadecriativa.floripa.br\/wp-content\/uploads\/2025\/11\/merida-14-300x200.jpg 300w, https:\/\/cidadecriativa.floripa.br\/wp-content\/uploads\/2025\/11\/merida-14-768x512.jpg 768w, https:\/\/cidadecriativa.floripa.br\/wp-content\/uploads\/2025\/11\/merida-14-18x12.jpg 18w\" sizes=\"(max-width: 960px) 100vw, 960px\" \/><\/figure>\n\n\n\n<figure class=\"wp-block-image size-large\"><img loading=\"lazy\" decoding=\"async\" width=\"960\" height=\"640\" data-id=\"4061\" src=\"https:\/\/cidadecriativa.floripa.br\/wp-content\/uploads\/2025\/11\/merida-13.jpg\" alt=\"\" class=\"wp-image-4061\" srcset=\"https:\/\/cidadecriativa.floripa.br\/wp-content\/uploads\/2025\/11\/merida-13.jpg 960w, https:\/\/cidadecriativa.floripa.br\/wp-content\/uploads\/2025\/11\/merida-13-300x200.jpg 300w, https:\/\/cidadecriativa.floripa.br\/wp-content\/uploads\/2025\/11\/merida-13-768x512.jpg 768w, https:\/\/cidadecriativa.floripa.br\/wp-content\/uploads\/2025\/11\/merida-13-18x12.jpg 18w\" sizes=\"(max-width: 960px) 100vw, 960px\" \/><\/figure>\n\n\n\n<figure class=\"wp-block-image size-large\"><img loading=\"lazy\" decoding=\"async\" width=\"960\" height=\"640\" data-id=\"4062\" src=\"https:\/\/cidadecriativa.floripa.br\/wp-content\/uploads\/2025\/11\/merida-12.jpg\" alt=\"\" class=\"wp-image-4062\" srcset=\"https:\/\/cidadecriativa.floripa.br\/wp-content\/uploads\/2025\/11\/merida-12.jpg 960w, https:\/\/cidadecriativa.floripa.br\/wp-content\/uploads\/2025\/11\/merida-12-300x200.jpg 300w, https:\/\/cidadecriativa.floripa.br\/wp-content\/uploads\/2025\/11\/merida-12-768x512.jpg 768w, https:\/\/cidadecriativa.floripa.br\/wp-content\/uploads\/2025\/11\/merida-12-18x12.jpg 18w\" sizes=\"(max-width: 960px) 100vw, 960px\" \/><\/figure>\n\n\n\n<figure class=\"wp-block-image size-large\"><img loading=\"lazy\" decoding=\"async\" width=\"960\" height=\"640\" data-id=\"4063\" src=\"https:\/\/cidadecriativa.floripa.br\/wp-content\/uploads\/2025\/11\/merida-11.jpg\" alt=\"\" class=\"wp-image-4063\" srcset=\"https:\/\/cidadecriativa.floripa.br\/wp-content\/uploads\/2025\/11\/merida-11.jpg 960w, https:\/\/cidadecriativa.floripa.br\/wp-content\/uploads\/2025\/11\/merida-11-300x200.jpg 300w, https:\/\/cidadecriativa.floripa.br\/wp-content\/uploads\/2025\/11\/merida-11-768x512.jpg 768w, https:\/\/cidadecriativa.floripa.br\/wp-content\/uploads\/2025\/11\/merida-11-18x12.jpg 18w\" sizes=\"(max-width: 960px) 100vw, 960px\" \/><\/figure>\n\n\n\n<figure class=\"wp-block-image size-large\"><img loading=\"lazy\" decoding=\"async\" width=\"960\" height=\"640\" data-id=\"4070\" src=\"https:\/\/cidadecriativa.floripa.br\/wp-content\/uploads\/2025\/11\/merida-04.jpg\" alt=\"\" class=\"wp-image-4070\" srcset=\"https:\/\/cidadecriativa.floripa.br\/wp-content\/uploads\/2025\/11\/merida-04.jpg 960w, https:\/\/cidadecriativa.floripa.br\/wp-content\/uploads\/2025\/11\/merida-04-300x200.jpg 300w, https:\/\/cidadecriativa.floripa.br\/wp-content\/uploads\/2025\/11\/merida-04-768x512.jpg 768w, https:\/\/cidadecriativa.floripa.br\/wp-content\/uploads\/2025\/11\/merida-04-18x12.jpg 18w\" sizes=\"(max-width: 960px) 100vw, 960px\" \/><\/figure>\n\n\n\n<figure class=\"wp-block-image size-large\"><img loading=\"lazy\" decoding=\"async\" width=\"960\" height=\"640\" data-id=\"4073\" src=\"https:\/\/cidadecriativa.floripa.br\/wp-content\/uploads\/2025\/11\/merida-01.jpg\" alt=\"\" class=\"wp-image-4073\" srcset=\"https:\/\/cidadecriativa.floripa.br\/wp-content\/uploads\/2025\/11\/merida-01.jpg 960w, https:\/\/cidadecriativa.floripa.br\/wp-content\/uploads\/2025\/11\/merida-01-300x200.jpg 300w, https:\/\/cidadecriativa.floripa.br\/wp-content\/uploads\/2025\/11\/merida-01-768x512.jpg 768w, https:\/\/cidadecriativa.floripa.br\/wp-content\/uploads\/2025\/11\/merida-01-18x12.jpg 18w\" sizes=\"(max-width: 960px) 100vw, 960px\" \/><\/figure>\n\n\n\n<figure class=\"wp-block-image size-large\"><img loading=\"lazy\" decoding=\"async\" width=\"960\" height=\"640\" data-id=\"4072\" src=\"https:\/\/cidadecriativa.floripa.br\/wp-content\/uploads\/2025\/11\/merida-02.jpg\" alt=\"\" class=\"wp-image-4072\" srcset=\"https:\/\/cidadecriativa.floripa.br\/wp-content\/uploads\/2025\/11\/merida-02.jpg 960w, https:\/\/cidadecriativa.floripa.br\/wp-content\/uploads\/2025\/11\/merida-02-300x200.jpg 300w, https:\/\/cidadecriativa.floripa.br\/wp-content\/uploads\/2025\/11\/merida-02-768x512.jpg 768w, https:\/\/cidadecriativa.floripa.br\/wp-content\/uploads\/2025\/11\/merida-02-18x12.jpg 18w\" sizes=\"(max-width: 960px) 100vw, 960px\" \/><\/figure>\n\n\n\n<figure class=\"wp-block-image size-large\"><img loading=\"lazy\" decoding=\"async\" width=\"960\" height=\"640\" data-id=\"4066\" src=\"https:\/\/cidadecriativa.floripa.br\/wp-content\/uploads\/2025\/11\/merida-08.jpg\" alt=\"\" class=\"wp-image-4066\" srcset=\"https:\/\/cidadecriativa.floripa.br\/wp-content\/uploads\/2025\/11\/merida-08.jpg 960w, https:\/\/cidadecriativa.floripa.br\/wp-content\/uploads\/2025\/11\/merida-08-300x200.jpg 300w, https:\/\/cidadecriativa.floripa.br\/wp-content\/uploads\/2025\/11\/merida-08-768x512.jpg 768w, https:\/\/cidadecriativa.floripa.br\/wp-content\/uploads\/2025\/11\/merida-08-18x12.jpg 18w\" sizes=\"(max-width: 960px) 100vw, 960px\" \/><\/figure>\n<\/figure>\n\n\n\n<p><strong>A programa\u00e7\u00e3o do encontro no M\u00e9xico incluiu visitas t\u00e9cnicas e viv\u00eancias culturais<\/strong>, como a imers\u00e3o no Festival de \u00c1nimas e no ritual maia do Hanal Pix\u00e1n, onde foram apresentados pratos preparados com a t\u00e9cnica ancestral do&nbsp;<em>Pib<\/em>, refor\u00e7ando a conex\u00e3o entre cultura alimentar, identidade e sustentabilidade.<\/p>\n\n\n\n<p>Estas atividades proporcionaram uma imers\u00e3o na tradi\u00e7\u00e3o alimentar do estado de Yucat\u00e1n e da cultura maia:<\/p>\n\n\n\n<ul class=\"wp-block-list\">\n<li><strong>Museu da Gastronomia Yucateca<\/strong>: Apresenta\u00e7\u00e3o da t\u00e9cnica de cozimento&nbsp;<em>Pib<\/em>, utilizada para preparar pratos como o&nbsp;<em>Cochinita Pibil<\/em>, central nas celebra\u00e7\u00f5es do&nbsp;<em>Hanal Pix\u00e1n<\/em>, que homenageia os mortos em conex\u00e3o com a terra e os antepassados.<\/li>\n\n\n\n<li><strong>Festival de \u00c1nimas<\/strong>: Participa\u00e7\u00e3o no tradicional festival local, com desfiles, altares e manifesta\u00e7\u00f5es culturais que revelam o sincretismo entre a religi\u00e3o cat\u00f3lica e os rituais maias.<\/li>\n\n\n\n<li><strong>Ru\u00ednas de Dzibilchalt\u00fan<\/strong>: Visita ao s\u00edtio arqueol\u00f3gico para conhecer a rela\u00e7\u00e3o entre astronomia e agricultura na cultura maia.<\/li>\n\n\n\n<li><strong>Produ\u00e7\u00e3o de mel de abelhas Melipona<\/strong>: Demonstra\u00e7\u00e3o da extra\u00e7\u00e3o sustent\u00e1vel de mel sem ferr\u00e3o e da produ\u00e7\u00e3o da bebida horchata.<\/li>\n\n\n\n<li><strong>Restaurante Hacienda Teya<\/strong>: Conhecimento do ciclo hist\u00f3rico do agave e demonstra\u00e7\u00f5es culin\u00e1rias com tortilhas artesanais e preparo em&nbsp;<em>Pib<\/em>.<\/li>\n\n\n\n<li><strong>Comunidade de Xcuny\u00e1<\/strong>: Participa\u00e7\u00e3o em oficinas e degusta\u00e7\u00f5es de tamales tradicionais, encerrando com uma aula sobre a filosofia alimentar maia e uma feira gastron\u00f4mica popular.<\/li>\n<\/ul>\n\n\n\n<p><\/p>","protected":false},"excerpt":{"rendered":"<p>Durante a Assembleia Anual da Rede de Cidades Criativas da UNESCO da Gastronomia, realizada entre 30 de outubro e 1\u00ba de novembro de 2025, em M\u00e9rida, no M\u00e9xico, Florian\u00f3polis participou das discuss\u00f5es sobre o papel da gastronomia no desenvolvimento sustent\u00e1vel e na valoriza\u00e7\u00e3o cultural. Representando o Programa Florian\u00f3polis Cidade Criativa UNESCO da Gastronomia, Marcus Rocha, [&hellip;]<\/p>\n","protected":false},"author":4,"featured_media":4074,"comment_status":"closed","ping_status":"closed","sticky":false,"template":"","format":"standard","meta":{"footnotes":""},"categories":[255],"tags":[351,372,347,373,368,374,339],"class_list":["post-4048","post","type-post","status-publish","format-standard","has-post-thumbnail","hentry","category-noticias","tag-cidade-criativa-unesco-da-gastronomia","tag-cultura","tag-gastronomia","tag-governanca","tag-mexico","tag-mudancas-climaticas","tag-programa-florianopolis-cidade-criativa-unesco-da-gastronomia"],"_links":{"self":[{"href":"https:\/\/cidadecriativa.floripa.br\/en\/wp-json\/wp\/v2\/posts\/4048","targetHints":{"allow":["GET"]}}],"collection":[{"href":"https:\/\/cidadecriativa.floripa.br\/en\/wp-json\/wp\/v2\/posts"}],"about":[{"href":"https:\/\/cidadecriativa.floripa.br\/en\/wp-json\/wp\/v2\/types\/post"}],"author":[{"embeddable":true,"href":"https:\/\/cidadecriativa.floripa.br\/en\/wp-json\/wp\/v2\/users\/4"}],"replies":[{"embeddable":true,"href":"https:\/\/cidadecriativa.floripa.br\/en\/wp-json\/wp\/v2\/comments?post=4048"}],"version-history":[{"count":8,"href":"https:\/\/cidadecriativa.floripa.br\/en\/wp-json\/wp\/v2\/posts\/4048\/revisions"}],"predecessor-version":[{"id":4083,"href":"https:\/\/cidadecriativa.floripa.br\/en\/wp-json\/wp\/v2\/posts\/4048\/revisions\/4083"}],"wp:featuredmedia":[{"embeddable":true,"href":"https:\/\/cidadecriativa.floripa.br\/en\/wp-json\/wp\/v2\/media\/4074"}],"wp:attachment":[{"href":"https:\/\/cidadecriativa.floripa.br\/en\/wp-json\/wp\/v2\/media?parent=4048"}],"wp:term":[{"taxonomy":"category","embeddable":true,"href":"https:\/\/cidadecriativa.floripa.br\/en\/wp-json\/wp\/v2\/categories?post=4048"},{"taxonomy":"post_tag","embeddable":true,"href":"https:\/\/cidadecriativa.floripa.br\/en\/wp-json\/wp\/v2\/tags?post=4048"}],"curies":[{"name":"wp","href":"https:\/\/api.w.org\/{rel}","templated":true}]}}