{"id":4009,"date":"2025-10-30T11:31:23","date_gmt":"2025-10-30T14:31:23","guid":{"rendered":"https:\/\/cidadecriativa.floripa.br\/?p=4009"},"modified":"2025-10-30T12:49:33","modified_gmt":"2025-10-30T15:49:33","slug":"florianopolis-participa-de-encontro-global-da-unesco-sobre-gastronomia-e-desenvolvimento-sustentavel","status":"publish","type":"post","link":"https:\/\/cidadecriativa.floripa.br\/en\/florianopolis-participa-de-encontro-global-da-unesco-sobre-gastronomia-e-desenvolvimento-sustentavel\/","title":{"rendered":"Florian\u00f3polis participa de encontro global da UNESCO sobre Gastronomia e Desenvolvimento Sustent\u00e1vel"},"content":{"rendered":"<h4 class=\"wp-block-heading\"><strong>Marcus Rocha, representante da Associa\u00e7\u00e3o FloripAmanh\u00e3, vai representar o Programa Florian\u00f3polis Cidade Criativa UNESCO da Gastronomia em M\u00e9rida, no M\u00e9xico, durante a Assembleia Anual da Rede de Cidades Criativas da UNESCO da Gastronomia, de 30 de outubro a 1\u00ba de novembro de 2025.<\/strong><\/h4>\n\n\n\n<div class=\"wp-block-media-text is-stacked-on-mobile\"><figure class=\"wp-block-media-text__media\"><img fetchpriority=\"high\" decoding=\"async\" width=\"450\" height=\"455\" src=\"https:\/\/cidadecriativa.floripa.br\/wp-content\/uploads\/2025\/10\/foto_marcus_livro_credito_CaioCezar-e1743513431131.jpg\" alt=\"\" class=\"wp-image-4011 size-full\" srcset=\"https:\/\/cidadecriativa.floripa.br\/wp-content\/uploads\/2025\/10\/foto_marcus_livro_credito_CaioCezar-e1743513431131.jpg 450w, https:\/\/cidadecriativa.floripa.br\/wp-content\/uploads\/2025\/10\/foto_marcus_livro_credito_CaioCezar-e1743513431131-297x300.jpg 297w, https:\/\/cidadecriativa.floripa.br\/wp-content\/uploads\/2025\/10\/foto_marcus_livro_credito_CaioCezar-e1743513431131-12x12.jpg 12w\" sizes=\"(max-width: 450px) 100vw, 450px\" \/><\/figure><div class=\"wp-block-media-text__content\">\n<p>O encontro re\u00fane representantes de dezenas de cidades de todo o mundo em torno do tema <em>\u201cEmpowering cities and communities through Gastronomy: a holistic approach to sustainable development and cultural enrichment\u201d <\/em>(Empoderando cidades e comunidades por meio da gastronomia: uma abordagem hol\u00edstica para o desenvolvimento sustent\u00e1vel e o enriquecimento cultural).<\/p>\n\n\n\n<p>A programa\u00e7\u00e3o oficial inclui pain\u00e9is, palestras e experi\u00eancias culturais que exploram o papel da gastronomia como vetor de desenvolvimento urbano sustent\u00e1vel, valoriza\u00e7\u00e3o cultural e fortalecimento das comunidades locais. Entre os destaques est\u00e3o o painel <em>\u201cBeyond the Plate: Gastronomy as a City Strategy\u201d <\/em>(Al\u00e9m do prato: a gastronomia como estrat\u00e9gia de cidade), com chefs e pesquisadores do M\u00e9xico e do Peru, e a confer\u00eancia <em>\u201cThe symbolic dimension of food: eating, healing and living together in Our America\u201d<\/em>, ministrada pelo pesquisador <strong>Jorge A. Gonz\u00e1lez<\/strong>, da UNAM.<\/p>\n<\/div><\/div>\n\n\n\n<p><em>Marcus Rocha<\/em><\/p>\n\n\n\n<p>Tamb\u00e9m est\u00e3o previstas atividades de campo, como visitas ao s\u00edtio arqueol\u00f3gico de <strong>Dzibilchalt\u00fan<\/strong>, \u00e0 comunidade de <strong>Chablekal<\/strong>, onde ocorre uma demonstra\u00e7\u00e3o da tradicional <strong>meliponicultura maia<\/strong>, e ao bairro hist\u00f3rico \u201cLa Ermita de Santa Isabel\u201d, al\u00e9m da viv\u00eancia cultural durante o tradicional <em>Festival de \u00c1nimas<\/em>.<\/p>\n\n\n\n<p><strong>Florian\u00f3polis refer\u00eancia na Rede Mundial da UNESCO<\/strong><\/p>\n\n\n\n<p>Desde 2014, Florian\u00f3polis integra a <strong>Rede de Cidades Criativas da UNESCO na \u00e1rea da Gastronomia<\/strong>, um t\u00edtulo conquistado com apoio de parceiros e iniciativa da FloripAmanh\u00e3 \u2014 que segue coordenando o <strong>Florian\u00f3polis UNESCO Creative City of Gastronomy Program<\/strong>. A associa\u00e7\u00e3o lidera o grupo gestor local, composto por universidades, entidades p\u00fablicas e privadas, chefs e empreendedores, em um modelo de governan\u00e7a reconhecido internacionalmente por ser conduzido pela sociedade civil.<\/p>\n\n\n\n<p>Durante a Assembleia em M\u00e9rida, Marcus Rocha representar\u00e1 a cidade em encontros t\u00e9cnicos e pain\u00e9is tem\u00e1ticos sobre pol\u00edticas p\u00fablicas, juventude, educa\u00e7\u00e3o e o futuro da gastronomia, compartilhando experi\u00eancias e boas pr\u00e1ticas de Florian\u00f3polis \u2014 como a <strong>Confraria Florian\u00f3polis Cidade Criativa<\/strong> e projetos de valoriza\u00e7\u00e3o da cultura alimentar local.<\/p>\n\n\n\n<p>A cidade segue construindo pontes e consolidando-se como refer\u00eancia na integra\u00e7\u00e3o entre cultura, inova\u00e7\u00e3o e desenvolvimento urbano sustent\u00e1vel \u2014 princ\u00edpios que norteiam a atua\u00e7\u00e3o da FloripAmanh\u00e3 h\u00e1 duas d\u00e9cadas.<\/p>","protected":false},"excerpt":{"rendered":"<p>Marcus Rocha, representante da Associa\u00e7\u00e3o FloripAmanh\u00e3, vai representar o Programa Florian\u00f3polis Cidade Criativa UNESCO da Gastronomia em M\u00e9rida, no M\u00e9xico, durante a Assembleia Anual da Rede de Cidades Criativas da UNESCO da Gastronomia, de 30 de outubro a 1\u00ba de novembro de 2025. O encontro re\u00fane representantes de dezenas de cidades de todo o mundo [&hellip;]<\/p>\n","protected":false},"author":4,"featured_media":4036,"comment_status":"closed","ping_status":"closed","sticky":false,"template":"","format":"standard","meta":{"footnotes":""},"categories":[255],"tags":[370,369,368,339],"class_list":["post-4009","post","type-post","status-publish","format-standard","has-post-thumbnail","hentry","category-noticias","tag-assembleia-anual-da-rede-de-cidades-criativas-da-unesco-da-gastronomia","tag-merida","tag-mexico","tag-programa-florianopolis-cidade-criativa-unesco-da-gastronomia"],"_links":{"self":[{"href":"https:\/\/cidadecriativa.floripa.br\/en\/wp-json\/wp\/v2\/posts\/4009","targetHints":{"allow":["GET"]}}],"collection":[{"href":"https:\/\/cidadecriativa.floripa.br\/en\/wp-json\/wp\/v2\/posts"}],"about":[{"href":"https:\/\/cidadecriativa.floripa.br\/en\/wp-json\/wp\/v2\/types\/post"}],"author":[{"embeddable":true,"href":"https:\/\/cidadecriativa.floripa.br\/en\/wp-json\/wp\/v2\/users\/4"}],"replies":[{"embeddable":true,"href":"https:\/\/cidadecriativa.floripa.br\/en\/wp-json\/wp\/v2\/comments?post=4009"}],"version-history":[{"count":17,"href":"https:\/\/cidadecriativa.floripa.br\/en\/wp-json\/wp\/v2\/posts\/4009\/revisions"}],"predecessor-version":[{"id":4037,"href":"https:\/\/cidadecriativa.floripa.br\/en\/wp-json\/wp\/v2\/posts\/4009\/revisions\/4037"}],"wp:featuredmedia":[{"embeddable":true,"href":"https:\/\/cidadecriativa.floripa.br\/en\/wp-json\/wp\/v2\/media\/4036"}],"wp:attachment":[{"href":"https:\/\/cidadecriativa.floripa.br\/en\/wp-json\/wp\/v2\/media?parent=4009"}],"wp:term":[{"taxonomy":"category","embeddable":true,"href":"https:\/\/cidadecriativa.floripa.br\/en\/wp-json\/wp\/v2\/categories?post=4009"},{"taxonomy":"post_tag","embeddable":true,"href":"https:\/\/cidadecriativa.floripa.br\/en\/wp-json\/wp\/v2\/tags?post=4009"}],"curies":[{"name":"wp","href":"https:\/\/api.w.org\/{rel}","templated":true}]}}