{"id":3974,"date":"2025-10-27T18:13:42","date_gmt":"2025-10-27T21:13:42","guid":{"rendered":"https:\/\/cidadecriativa.floripa.br\/?p=3974"},"modified":"2025-10-27T18:19:40","modified_gmt":"2025-10-27T21:19:40","slug":"florianopolis-destaca-inovacao-e-identidade-no-encontro-das-cidades-criativas-da-gastronomia-da-unesco-em-belo-horizonte","status":"publish","type":"post","link":"https:\/\/cidadecriativa.floripa.br\/en\/florianopolis-destaca-inovacao-e-identidade-no-encontro-das-cidades-criativas-da-gastronomia-da-unesco-em-belo-horizonte\/","title":{"rendered":"Florian\u00f3polis destaca inova\u00e7\u00e3o e identidade no Encontro das Cidades Criativas da Gastronomia da UNESCO, em Belo Horizonte"},"content":{"rendered":"<p><strong>Chef Janete Borges realizou cozinha show com prato que uniu a tradi\u00e7\u00e3o das ostras com insumos inovadores como algas e hal\u00f3fitas.<\/strong><\/p>\n\n\n\n<p>Florian\u00f3polis marcou presen\u00e7a no Interc\u00e2mbio das Cidades Brasileiras Criativas da Gastronomia pela UNESCO, realizado em 23 de outubro, dentro da Bienal da Gastronomia de Belo Horizonte. O encontro teve uma apresenta\u00e7\u00e3o dos pontos focais de Florian\u00f3polis, Bel\u00e9m, Paraty e Belo Horizonte, integrantes da Rede de Cidades Criativas da UNESCO, al\u00e9m de uma <strong>apresenta\u00e7\u00e3o de chefs de cada uma das cidades<\/strong>, com degusta\u00e7\u00e3o dos pratos apresentados no Edif\u00edcio Central, um pr\u00e9dio antigo rec\u00e9m ocupado por empreendimentos gastron\u00f4micos que virou um novo \u00edcone da vida cultural belo-horizontina.<\/p>\n\n\n\n<p>Representando a primeira Cidade da Gastronomia da UNESCO no Brasil, Rog\u00e9rio Mosimann, da FloripAmanh\u00e3, destacou a pr\u00e1tica de Florian\u00f3polis atuar em rede, com parcerias e participa\u00e7\u00e3o ativa em a\u00e7\u00f5es de interc\u00e2mbio como o de Belo Horizonte. Mosimann citou os principais atributos que sustentam a marca da cidade: mais de 100 praias e paisagens singulares; o status de capital nacional das startups, com maior densidade de empresas inovadoras por habitante e um polo tecnol\u00f3gico que dialoga com a economia criativa. \u201cFalamos tamb\u00e9m da <strong>riqueza da nossa gastronomia<\/strong>, com heran\u00e7as ind\u00edgenas, africanas e a\u00e7orianas, com a for\u00e7a dos frutos do mar \u2014 destacando-se como maior produtora de ostras do pa\u00eds \u2014 e a combina\u00e7\u00e3o de tradi\u00e7\u00e3o e inova\u00e7\u00e3o, como mostrou o prato da nossa chef Janete Borges\u201c, conta.&nbsp;<\/p>\n\n\n\n<figure class=\"wp-block-image\"><img fetchpriority=\"high\" decoding=\"async\" width=\"1200\" height=\"800\" src=\"https:\/\/cidadecriativa.floripa.br\/wp-content\/uploads\/2025\/10\/Cidades-Criativas_Ed-Central_231025_Foto_Nereu-Jr_1933.jpg\" alt=\"\" class=\"wp-image-3977\" srcset=\"https:\/\/cidadecriativa.floripa.br\/wp-content\/uploads\/2025\/10\/Cidades-Criativas_Ed-Central_231025_Foto_Nereu-Jr_1933.jpg 1200w, https:\/\/cidadecriativa.floripa.br\/wp-content\/uploads\/2025\/10\/Cidades-Criativas_Ed-Central_231025_Foto_Nereu-Jr_1933-300x200.jpg 300w, https:\/\/cidadecriativa.floripa.br\/wp-content\/uploads\/2025\/10\/Cidades-Criativas_Ed-Central_231025_Foto_Nereu-Jr_1933-1024x683.jpg 1024w, https:\/\/cidadecriativa.floripa.br\/wp-content\/uploads\/2025\/10\/Cidades-Criativas_Ed-Central_231025_Foto_Nereu-Jr_1933-768x512.jpg 768w, https:\/\/cidadecriativa.floripa.br\/wp-content\/uploads\/2025\/10\/Cidades-Criativas_Ed-Central_231025_Foto_Nereu-Jr_1933-18x12.jpg 18w\" sizes=\"(max-width: 1200px) 100vw, 1200px\" \/><figcaption class=\"wp-element-caption\"><em>Mosimann na abertura do Interc\u00e2mbio das Cidades Criativas da Gastronomia<\/em><\/figcaption><\/figure>\n\n\n\n<p><strong>Ostras defumadas, alecrim do mar e algas&nbsp;&nbsp;<\/strong><\/p>\n\n\n\n<p>A chef Janete Borges, da Gastroarte Catering, representando a <strong>Confraria Sabores de Floripa<\/strong>, preparou uma <em>Vichyssoise <\/em>(sopa cremosa) do mar, feita com a \u00e1gua da ostra, batatas, alho-por\u00f3, creme de leite e servida com ostra defumada, coberta por um pouco de alga marinha (alface-do-mar) seca e um galhinho de alecrim-do-mar, uma hal\u00f3fita, planta resistente \u00e0 salinidade, com alto valor nutricional e ainda pouco explorada na cozinha regional.&nbsp;<\/p>\n\n\n\n<p>\u201cA ideia de criar um prato que unisse <strong>tradi\u00e7\u00e3o e inova\u00e7\u00e3o<\/strong> nasceu do desejo de olhar para o passado e encontrar nele o caminho do futuro. A coleta de mariscos e algas, praticada pelos povos Guarani muito antes da chegada dos a\u00e7orianos, foi o ponto de partida dessa pesquisa culin\u00e1ria. Os \u00edndios do mar j\u00e1 utilizavam a alga seca como fonte de sal, tempero natural e meio de preserva\u00e7\u00e3o dos alimentos \u2014 um conhecimento ancestral e sustent\u00e1vel que inspirou novas possibilidades na cozinha\u201d, comenta Borges.&nbsp;<\/p>\n\n\n\n<figure class=\"wp-block-image\"><img decoding=\"async\" width=\"1200\" height=\"800\" src=\"https:\/\/cidadecriativa.floripa.br\/wp-content\/uploads\/2025\/10\/Cidades-Criativas_Ed-Central_231025_Foto_Nereu-Jr_2454.jpg\" alt=\"\" class=\"wp-image-3980\" srcset=\"https:\/\/cidadecriativa.floripa.br\/wp-content\/uploads\/2025\/10\/Cidades-Criativas_Ed-Central_231025_Foto_Nereu-Jr_2454.jpg 1200w, https:\/\/cidadecriativa.floripa.br\/wp-content\/uploads\/2025\/10\/Cidades-Criativas_Ed-Central_231025_Foto_Nereu-Jr_2454-300x200.jpg 300w, https:\/\/cidadecriativa.floripa.br\/wp-content\/uploads\/2025\/10\/Cidades-Criativas_Ed-Central_231025_Foto_Nereu-Jr_2454-1024x683.jpg 1024w, https:\/\/cidadecriativa.floripa.br\/wp-content\/uploads\/2025\/10\/Cidades-Criativas_Ed-Central_231025_Foto_Nereu-Jr_2454-768x512.jpg 768w, https:\/\/cidadecriativa.floripa.br\/wp-content\/uploads\/2025\/10\/Cidades-Criativas_Ed-Central_231025_Foto_Nereu-Jr_2454-18x12.jpg 18w\" sizes=\"(max-width: 1200px) 100vw, 1200px\" \/><figcaption class=\"wp-element-caption\"><em>Chef Janete Borges mostra o ingrediente alecrim-do-mar<\/em><\/figcaption><\/figure>\n\n\n\n<p>A <strong>receita foi muito elogiada<\/strong> pelos participantes da degusta\u00e7\u00e3o, alguns com certo receio de experimentar ostras pela primeira vez, mas depois felizes com a experi\u00eancia e o sabor descobertos. \u201cLevar nossas ostras de uma forma diferente tamb\u00e9m fez parte dessa proposta. Sabemos que a ostra, assim como ingredientes como l\u00edngua e f\u00edgado, podem despertar certa resist\u00eancia. Por isso, o desafio foi convidar o p\u00fablico a provar sem medo, a redescobrir sabores e texturas que fazem parte da nossa identidade litor\u00e2nea\u201d, acrescenta a chef.&nbsp;<\/p>\n\n\n\n<p>Para Janete Borges, falar em <strong>inova\u00e7\u00e3o \u00e9, muitas vezes, retornar \u00e0s origens<\/strong>. \u201cResgatar o que temos de mais genu\u00edno e reinterpretar com um olhar contempor\u00e2neo, foi exatamente essa a ideia: construir algo novo sem esquecer de onde viemos\u201d. finaliza Borges.&nbsp;<\/p>\n\n\n\n<figure class=\"wp-block-image\"><img decoding=\"async\" width=\"1200\" height=\"800\" src=\"https:\/\/cidadecriativa.floripa.br\/wp-content\/uploads\/2025\/10\/Cidades-Criativas_Ed-Central_231025_Foto_Nereu-Jr_2506.jpg\" alt=\"\" class=\"wp-image-3981\" srcset=\"https:\/\/cidadecriativa.floripa.br\/wp-content\/uploads\/2025\/10\/Cidades-Criativas_Ed-Central_231025_Foto_Nereu-Jr_2506.jpg 1200w, https:\/\/cidadecriativa.floripa.br\/wp-content\/uploads\/2025\/10\/Cidades-Criativas_Ed-Central_231025_Foto_Nereu-Jr_2506-300x200.jpg 300w, https:\/\/cidadecriativa.floripa.br\/wp-content\/uploads\/2025\/10\/Cidades-Criativas_Ed-Central_231025_Foto_Nereu-Jr_2506-1024x683.jpg 1024w, https:\/\/cidadecriativa.floripa.br\/wp-content\/uploads\/2025\/10\/Cidades-Criativas_Ed-Central_231025_Foto_Nereu-Jr_2506-768x512.jpg 768w, https:\/\/cidadecriativa.floripa.br\/wp-content\/uploads\/2025\/10\/Cidades-Criativas_Ed-Central_231025_Foto_Nereu-Jr_2506-18x12.jpg 18w\" sizes=\"(max-width: 1200px) 100vw, 1200px\" \/><\/figure>\n\n\n\n<p>A participa\u00e7\u00e3o de Florian\u00f3polis consolidou o alinhamento do programa <strong>Florian\u00f3polis Cidade Criativa UNESCO da Gastronomia<\/strong> com os temas estrat\u00e9gicos debatidos na Bienal \u2014 cadeias sustent\u00e1veis, mem\u00f3ria e identidade, inclus\u00e3o produtiva e turismo respons\u00e1vel \u2014 e abriu novas frentes para projetos colaborativos. A cidade saiu do encontro com visibilidade ampliada e novas parcerias em constru\u00e7\u00e3o, reafirmando seu papel de refer\u00eancia nacional em criatividade gastron\u00f4mica.<\/p>\n\n\n\n<figure class=\"wp-block-gallery has-nested-images columns-default is-cropped wp-block-gallery-1 is-layout-flex wp-block-gallery-is-layout-flex\">\n<figure class=\"wp-block-image size-large\"><img loading=\"lazy\" decoding=\"async\" width=\"1024\" height=\"778\" data-id=\"3988\" src=\"https:\/\/cidadecriativa.floripa.br\/wp-content\/uploads\/2025\/10\/Cidades-Criativas_Ed-Central_231025_Foto_Nereu-Jr_2554-1024x778.jpg\" alt=\"\" class=\"wp-image-3988\" srcset=\"https:\/\/cidadecriativa.floripa.br\/wp-content\/uploads\/2025\/10\/Cidades-Criativas_Ed-Central_231025_Foto_Nereu-Jr_2554-1024x778.jpg 1024w, https:\/\/cidadecriativa.floripa.br\/wp-content\/uploads\/2025\/10\/Cidades-Criativas_Ed-Central_231025_Foto_Nereu-Jr_2554-300x228.jpg 300w, https:\/\/cidadecriativa.floripa.br\/wp-content\/uploads\/2025\/10\/Cidades-Criativas_Ed-Central_231025_Foto_Nereu-Jr_2554-768x584.jpg 768w, https:\/\/cidadecriativa.floripa.br\/wp-content\/uploads\/2025\/10\/Cidades-Criativas_Ed-Central_231025_Foto_Nereu-Jr_2554-16x12.jpg 16w, https:\/\/cidadecriativa.floripa.br\/wp-content\/uploads\/2025\/10\/Cidades-Criativas_Ed-Central_231025_Foto_Nereu-Jr_2554.jpg 1200w\" sizes=\"(max-width: 1024px) 100vw, 1024px\" \/><\/figure>\n\n\n\n<figure class=\"wp-block-image size-large\"><img loading=\"lazy\" decoding=\"async\" width=\"1024\" height=\"792\" data-id=\"3987\" src=\"https:\/\/cidadecriativa.floripa.br\/wp-content\/uploads\/2025\/10\/Cidades-Criativas_Ed-Central_231025_Foto_Nereu-Jr_2471-1024x792.jpg\" alt=\"\" class=\"wp-image-3987\" srcset=\"https:\/\/cidadecriativa.floripa.br\/wp-content\/uploads\/2025\/10\/Cidades-Criativas_Ed-Central_231025_Foto_Nereu-Jr_2471-1024x792.jpg 1024w, https:\/\/cidadecriativa.floripa.br\/wp-content\/uploads\/2025\/10\/Cidades-Criativas_Ed-Central_231025_Foto_Nereu-Jr_2471-300x232.jpg 300w, https:\/\/cidadecriativa.floripa.br\/wp-content\/uploads\/2025\/10\/Cidades-Criativas_Ed-Central_231025_Foto_Nereu-Jr_2471-768x594.jpg 768w, https:\/\/cidadecriativa.floripa.br\/wp-content\/uploads\/2025\/10\/Cidades-Criativas_Ed-Central_231025_Foto_Nereu-Jr_2471-16x12.jpg 16w, https:\/\/cidadecriativa.floripa.br\/wp-content\/uploads\/2025\/10\/Cidades-Criativas_Ed-Central_231025_Foto_Nereu-Jr_2471.jpg 1200w\" sizes=\"(max-width: 1024px) 100vw, 1024px\" \/><\/figure>\n<\/figure>\n\n\n\n<figure class=\"wp-block-gallery has-nested-images columns-default is-cropped wp-block-gallery-2 is-layout-flex wp-block-gallery-is-layout-flex\">\n<figure class=\"wp-block-image size-large\"><img loading=\"lazy\" decoding=\"async\" width=\"683\" height=\"1024\" data-id=\"3985\" src=\"https:\/\/cidadecriativa.floripa.br\/wp-content\/uploads\/2025\/10\/Cidades-Criativas_Ed-Central_231025_Foto_Nereu-Jr_2538-683x1024.jpg\" alt=\"\" class=\"wp-image-3985\" srcset=\"https:\/\/cidadecriativa.floripa.br\/wp-content\/uploads\/2025\/10\/Cidades-Criativas_Ed-Central_231025_Foto_Nereu-Jr_2538-683x1024.jpg 683w, https:\/\/cidadecriativa.floripa.br\/wp-content\/uploads\/2025\/10\/Cidades-Criativas_Ed-Central_231025_Foto_Nereu-Jr_2538-200x300.jpg 200w, https:\/\/cidadecriativa.floripa.br\/wp-content\/uploads\/2025\/10\/Cidades-Criativas_Ed-Central_231025_Foto_Nereu-Jr_2538-768x1152.jpg 768w, https:\/\/cidadecriativa.floripa.br\/wp-content\/uploads\/2025\/10\/Cidades-Criativas_Ed-Central_231025_Foto_Nereu-Jr_2538-8x12.jpg 8w, https:\/\/cidadecriativa.floripa.br\/wp-content\/uploads\/2025\/10\/Cidades-Criativas_Ed-Central_231025_Foto_Nereu-Jr_2538.jpg 800w\" sizes=\"(max-width: 683px) 100vw, 683px\" \/><\/figure>\n\n\n\n<figure class=\"wp-block-image size-large\"><img loading=\"lazy\" decoding=\"async\" width=\"683\" height=\"1024\" data-id=\"3986\" src=\"https:\/\/cidadecriativa.floripa.br\/wp-content\/uploads\/2025\/10\/Cidades-Criativas_Ed-Central_231025_Foto_Nereu-Jr_2508-683x1024.jpg\" alt=\"\" class=\"wp-image-3986\" srcset=\"https:\/\/cidadecriativa.floripa.br\/wp-content\/uploads\/2025\/10\/Cidades-Criativas_Ed-Central_231025_Foto_Nereu-Jr_2508-683x1024.jpg 683w, https:\/\/cidadecriativa.floripa.br\/wp-content\/uploads\/2025\/10\/Cidades-Criativas_Ed-Central_231025_Foto_Nereu-Jr_2508-200x300.jpg 200w, https:\/\/cidadecriativa.floripa.br\/wp-content\/uploads\/2025\/10\/Cidades-Criativas_Ed-Central_231025_Foto_Nereu-Jr_2508-768x1152.jpg 768w, https:\/\/cidadecriativa.floripa.br\/wp-content\/uploads\/2025\/10\/Cidades-Criativas_Ed-Central_231025_Foto_Nereu-Jr_2508-8x12.jpg 8w, https:\/\/cidadecriativa.floripa.br\/wp-content\/uploads\/2025\/10\/Cidades-Criativas_Ed-Central_231025_Foto_Nereu-Jr_2508.jpg 800w\" sizes=\"(max-width: 683px) 100vw, 683px\" \/><\/figure>\n<\/figure>\n\n\n\n<p><strong><a href=\"https:\/\/imagens.nereujr.com\/2BienalBH\/\" target=\"_blank\" rel=\"noreferrer noopener\">Fotos: Nereu Jr<\/a><\/strong><\/p>\n\n\n\n<p><strong>F\u00f3rum Internacional de Gastronomia<\/strong><\/p>\n\n\n\n<p>Nos dias 22 e 23 de outubro, no Teatro Francisco Nunes, os representantes de Florian\u00f3polis tamb\u00e9m participaram do F\u00f3rum Internacional de Gastronomia. O F\u00f3rum discutiu temas como mem\u00f3ria alimentar, criatividade e inova\u00e7\u00e3o, sustentabilidade e gastronomia como identidade. Veja a seguir alguns dos principais temas debatidos:&nbsp;<\/p>\n\n\n\n<ul class=\"wp-block-list\">\n<li><strong>\u201cNova gastronomia\u201d e seus pilares (os 4 S): <\/strong>Sa\u00fade, sabor, sustentabilidade e solidariedade como diretrizes centrais para pol\u00edticas, educa\u00e7\u00e3o alimentar e pr\u00e1tica profissional. \u00canfase em que \u201csaud\u00e1vel\u201d precisa ser tamb\u00e9m \u201csaboroso\u201d para gerar ades\u00e3o. Proposta de inserir \u201ceduca\u00e7\u00e3o do gosto\u201d no ensino b\u00e1sico. Cadeias produtivas sustent\u00e1veis e solid\u00e1rias (produtor\u2013ind\u00fastria\u2013distribui\u00e7\u00e3o\u2013varejo\u2013consumidor).<\/li>\n<\/ul>\n\n\n\n<p><\/p>\n\n\n\n<figure class=\"wp-block-image\"><img loading=\"lazy\" decoding=\"async\" width=\"1200\" height=\"742\" src=\"https:\/\/cidadecriativa.floripa.br\/wp-content\/uploads\/2025\/10\/FIG_Bienal_221025_Foto_Nereu-Jr_9778-Pano.jpg\" alt=\"\" class=\"wp-image-3991\" srcset=\"https:\/\/cidadecriativa.floripa.br\/wp-content\/uploads\/2025\/10\/FIG_Bienal_221025_Foto_Nereu-Jr_9778-Pano.jpg 1200w, https:\/\/cidadecriativa.floripa.br\/wp-content\/uploads\/2025\/10\/FIG_Bienal_221025_Foto_Nereu-Jr_9778-Pano-300x186.jpg 300w, https:\/\/cidadecriativa.floripa.br\/wp-content\/uploads\/2025\/10\/FIG_Bienal_221025_Foto_Nereu-Jr_9778-Pano-1024x633.jpg 1024w, https:\/\/cidadecriativa.floripa.br\/wp-content\/uploads\/2025\/10\/FIG_Bienal_221025_Foto_Nereu-Jr_9778-Pano-768x475.jpg 768w, https:\/\/cidadecriativa.floripa.br\/wp-content\/uploads\/2025\/10\/FIG_Bienal_221025_Foto_Nereu-Jr_9778-Pano-18x12.jpg 18w\" sizes=\"(max-width: 1200px) 100vw, 1200px\" \/><\/figure>\n\n\n\n<ul class=\"wp-block-list\">\n<li><strong>Educa\u00e7\u00e3o do gosto e forma\u00e7\u00e3o de p\u00fablico: <\/strong>Programas educativos para desenvolver paladar e discernimento desde a inf\u00e2ncia como estrat\u00e9gia para sa\u00fade e cultura alimentar. Direito \u00e0 boa alimenta\u00e7\u00e3o; educa\u00e7\u00e3o do gosto desde a inf\u00e2ncia;<\/li>\n\n\n\n<li><strong>Criatividade na rotina de restaurantes e gest\u00e3o: <\/strong>Espa\u00e7os e momentos para experimentar, mas com base em estudo, repeti\u00e7\u00e3o e controle de custos; equil\u00edbrio entre padroniza\u00e7\u00e3o de servi\u00e7o e renova\u00e7\u00e3o do card\u00e1pio.<\/li>\n\n\n\n<li><strong>\u201cRevolucionar\u201d a cozinha \u2260 modismo:<\/strong> autoralidade nasce com maturidade profissional; copiar tend\u00eancias (ex. t\u00e9cnicas \u201cda moda\u201d) \u00e9 etapa inicial, mas a revolu\u00e7\u00e3o real vem quando se consegue imprimir ess\u00eancia pr\u00f3pria.<\/li>\n\n\n\n<li><strong>Const\u00e2ncia como revolu\u00e7\u00e3o silenciosa:<\/strong> fazer \u201co bem-feito todos os dias\u201d (padr\u00e3o, t\u00e9cnica e repeti\u00e7\u00e3o) \u00e9 visto como um ato revolucion\u00e1rio; regularidade de sabor\/execu\u00e7\u00e3o supera picos espor\u00e1dicos de criatividade.<\/li>\n\n\n\n<li><strong>Criatividade com m\u00e9todo e timing:<\/strong> repert\u00f3rio vem de estudo, leituras, filmes, viagens pr\u00f3ximas (ou do cotidiano), provas e anota\u00e7\u00f5es; momento de criar \u00e9 planejado (reuni\u00f5es de card\u00e1pio) ou em espa\u00e7os espec\u00edficos (ex.: \u201ccomida de funcion\u00e1rio\u201d) \u2014 n\u00e3o durante o servi\u00e7o.<\/li>\n\n\n\n<li><strong><a href=\"https:\/\/www.gastronomiaperiferica.com.br\/\" target=\"_blank\" rel=\"noopener\">Gastronomia perif\u00e9rica<\/a>: <\/strong>Case da escola de gastronomia social que ensina da base \u00e0 alta cozinha, com abordagem pr\u00e1tica e personalizada, cuidando do desenvolvimento do ser humano para al\u00e9m da t\u00e9cnica. <strong>\u201c<\/strong>Fazer muito com pouco\u201d: criatividade frente \u00e0 escassez, aproveitamento integral e valoriza\u00e7\u00e3o de PANCs\/\u201cn\u00e3o colonizadas\u201d; compostagem para fechar o ciclo dos res\u00edduos; conex\u00f5es com hortas urbanas\/agroecologia; fortalecimento de roteiros e experi\u00eancias em territ\u00f3rios populares. Restaurante-escola para inser\u00e7\u00e3o produtiva.&nbsp;<\/li>\n\n\n\n<li><strong>Tradi\u00e7\u00e3o x inova\u00e7\u00e3o, com respeito:<\/strong> tradi\u00e7\u00e3o \u00e9 \u201cch\u00e3o\u201d que se preserva; inova\u00e7\u00e3o \u00e9 constru\u00e7\u00e3o em curso. Evitar descaracteriza\u00e7\u00e3o e clich\u00eas (ex.: uso vazio de \u201ccozinha afetiva\u201d); honestidade no storytelling (sem romantizar origens).<\/li>\n\n\n\n<li><strong>Forma\u00e7\u00e3o cont\u00ednua:<\/strong> estudar bases e praticar diariamente; t\u00e9cnica serve tanto para executar certo quanto para corrigir imprevistos.<\/li>\n\n\n\n<li><strong>Mem\u00f3ria alimentar como identidade e futuro<\/strong> Comida ativa lembran\u00e7as, pertencimento e valores; olhar para o passado orienta escolhas para o amanh\u00e3 (o que, como e por qu\u00ea comemos).<\/li>\n<\/ul>\n\n\n\n<p><\/p>\n\n\n\n<figure class=\"wp-block-image\"><img loading=\"lazy\" decoding=\"async\" width=\"1200\" height=\"854\" src=\"https:\/\/cidadecriativa.floripa.br\/wp-content\/uploads\/2025\/10\/FIG_Bienal_221025_Foto_Nereu-Jr_0148.jpg\" alt=\"\" class=\"wp-image-3994\" srcset=\"https:\/\/cidadecriativa.floripa.br\/wp-content\/uploads\/2025\/10\/FIG_Bienal_221025_Foto_Nereu-Jr_0148.jpg 1200w, https:\/\/cidadecriativa.floripa.br\/wp-content\/uploads\/2025\/10\/FIG_Bienal_221025_Foto_Nereu-Jr_0148-300x214.jpg 300w, https:\/\/cidadecriativa.floripa.br\/wp-content\/uploads\/2025\/10\/FIG_Bienal_221025_Foto_Nereu-Jr_0148-1024x729.jpg 1024w, https:\/\/cidadecriativa.floripa.br\/wp-content\/uploads\/2025\/10\/FIG_Bienal_221025_Foto_Nereu-Jr_0148-768x547.jpg 768w, https:\/\/cidadecriativa.floripa.br\/wp-content\/uploads\/2025\/10\/FIG_Bienal_221025_Foto_Nereu-Jr_0148-18x12.jpg 18w\" sizes=\"(max-width: 1200px) 100vw, 1200px\" \/><\/figure>\n\n\n\n<ul class=\"wp-block-list\">\n<li><strong>Identidade x homogeneiza\u00e7\u00e3o<\/strong> Valoriza\u00e7\u00e3o de tradi\u00e7\u00f5es, t\u00e9cnicas e instrumentos locais para que destinos mantenham singularidade gastron\u00f4mica e tur\u00edstica (evitar que \u201cem todo lugar se coma igual\u201d).<\/li>\n\n\n\n<li><strong>Simplicidade bem-feita e sazonalidade<\/strong> Pratos simples, executados com t\u00e9cnica e respeito ao produto e ao ciclo das colheitas; menos sobrepor temperos\/molhos e mais evidenciar o sabor.<\/li>\n\n\n\n<li><strong>Tradi\u00e7\u00e3o + adapta\u00e7\u00e3o consciente<\/strong> Cozinhas dialogam com ingredientes locais sem perder a ess\u00eancia; inova\u00e7\u00e3o parte do entendimento profundo das ra\u00edzes.<\/li>\n\n\n\n<li><strong>Sa\u00fade e escolhas de insumos<\/strong> Cuidado com ultraprocessados; prefer\u00eancia por produtos frescos e t\u00e9cnicas que preservem qualidade; reflex\u00e3o cr\u00edtica sobre gorduras e \u00f3leos na cozinha.<\/li>\n\n\n\n<li><strong>Sustentabilidade e aproveitamento integral<\/strong> Respeito ao animal e ao vegetal (do \u201cnariz ao rabo\u201d e do caule \u00e0 folha); cortes menos nobres e v\u00edsceras como parte da cultura de raiz e de uma dieta equilibrada.<\/li>\n\n\n\n<li><strong>Registro e salvaguarda do patrim\u00f4nio imaterial<\/strong> Urg\u00eancia de documentar receitas, gestos, t\u00e9cnicas, utens\u00edlios, vocabul\u00e1rios e modos de vida \u2014 n\u00e3o s\u00f3 \u201clista de ingredientes\u201d.<\/li>\n\n\n\n<li><strong>Mem\u00f3ria viva e ancestralidade:<\/strong> resgate de t\u00e9cnicas, saberes e receitas transmitidas oralmente; valoriza\u00e7\u00e3o de \u201cintelig\u00eancia ancestral\u201d e de ingredientes\/uso tradicional (ex.: quiabo, sementes) como patrim\u00f4nio e fonte de aprendizado.<\/li>\n<\/ul>","protected":false},"excerpt":{"rendered":"<p>Chef Janete Borges realizou cozinha show com prato que uniu a tradi\u00e7\u00e3o das ostras com insumos inovadores como algas e hal\u00f3fitas. Florian\u00f3polis marcou presen\u00e7a no Interc\u00e2mbio das Cidades Brasileiras Criativas da Gastronomia pela UNESCO, realizado em 23 de outubro, dentro da Bienal da Gastronomia de Belo Horizonte. O encontro teve uma apresenta\u00e7\u00e3o dos pontos focais [&hellip;]<\/p>\n","protected":false},"author":4,"featured_media":3976,"comment_status":"closed","ping_status":"closed","sticky":false,"template":"","format":"standard","meta":{"footnotes":""},"categories":[255],"tags":[361,362,363,364,365,359,366,367],"class_list":["post-3974","post","type-post","status-publish","format-standard","has-post-thumbnail","hentry","category-noticias","tag-bienal-da-gastronomia-de-belo-horizonte","tag-florianopolis-cidade-criativa-da-gastronomia","tag-frutos-do-mar","tag-gastronomia-sustentavel","tag-intercambio-cidades-criativas","tag-janete-borges","tag-ostras-de-florianopolis","tag-unesco-gastronomia"],"_links":{"self":[{"href":"https:\/\/cidadecriativa.floripa.br\/en\/wp-json\/wp\/v2\/posts\/3974","targetHints":{"allow":["GET"]}}],"collection":[{"href":"https:\/\/cidadecriativa.floripa.br\/en\/wp-json\/wp\/v2\/posts"}],"about":[{"href":"https:\/\/cidadecriativa.floripa.br\/en\/wp-json\/wp\/v2\/types\/post"}],"author":[{"embeddable":true,"href":"https:\/\/cidadecriativa.floripa.br\/en\/wp-json\/wp\/v2\/users\/4"}],"replies":[{"embeddable":true,"href":"https:\/\/cidadecriativa.floripa.br\/en\/wp-json\/wp\/v2\/comments?post=3974"}],"version-history":[{"count":13,"href":"https:\/\/cidadecriativa.floripa.br\/en\/wp-json\/wp\/v2\/posts\/3974\/revisions"}],"predecessor-version":[{"id":3999,"href":"https:\/\/cidadecriativa.floripa.br\/en\/wp-json\/wp\/v2\/posts\/3974\/revisions\/3999"}],"wp:featuredmedia":[{"embeddable":true,"href":"https:\/\/cidadecriativa.floripa.br\/en\/wp-json\/wp\/v2\/media\/3976"}],"wp:attachment":[{"href":"https:\/\/cidadecriativa.floripa.br\/en\/wp-json\/wp\/v2\/media?parent=3974"}],"wp:term":[{"taxonomy":"category","embeddable":true,"href":"https:\/\/cidadecriativa.floripa.br\/en\/wp-json\/wp\/v2\/categories?post=3974"},{"taxonomy":"post_tag","embeddable":true,"href":"https:\/\/cidadecriativa.floripa.br\/en\/wp-json\/wp\/v2\/tags?post=3974"}],"curies":[{"name":"wp","href":"https:\/\/api.w.org\/{rel}","templated":true}]}}