{"id":3949,"date":"2025-10-12T18:46:19","date_gmt":"2025-10-12T21:46:19","guid":{"rendered":"https:\/\/cidadecriativa.floripa.br\/?p=3949"},"modified":"2025-10-16T19:10:31","modified_gmt":"2025-10-16T22:10:31","slug":"equipe-do-ifsc-vence-competicao-gastronomica-no-conectaif","status":"publish","type":"post","link":"https:\/\/cidadecriativa.floripa.br\/en\/equipe-do-ifsc-vence-competicao-gastronomica-no-conectaif\/","title":{"rendered":"Equipe do IFSC vence competi\u00e7\u00e3o gastron\u00f4mica no ConectaIF"},"content":{"rendered":"<p>A equipe do C\u00e2mpus Florian\u00f3polis \u2013 Continente foi a vencedora no concurso gastron\u00f4mico IF Brasilidades, realizado durante o&nbsp;<a href=\"https:\/\/conectaif.ifb.edu.br\/\" target=\"_blank\" rel=\"noopener\">ConectaIF<\/a>, na quinta-feira (9), no Est\u00e1dio Man\u00e9 Garrincha, em Bras\u00edlia. A professora Fabiana Mortimer Amaral e as estudantes Bianca Kunkel, do curso superior de tecnologia em Gastronomia, e Emily Gon\u00e7alves, do curso t\u00e9cnico em Gastronomia, produziram o prato \u201cDesafio terra-mar: R$2,56\u201d, uma alus\u00e3o ao maior valor repassado \u00e0 alimenta\u00e7\u00e3o escolar, segundo o Plano Nacional de Alimenta\u00e7\u00e3o Escolar.<\/p>\n\n\n\n<p>Segundo a professora Fabiana, \u201cnossa proposta veio para chamar a aten\u00e7\u00e3o ao valor da alimenta\u00e7\u00e3o escolar, e tamb\u00e9m trabalhar com pratos culturais de Florian\u00f3polis e dentro do desafio de trazer ingredientes da terra e do mar\u201d. O prato foi composto de pir\u00e3o, tainha empanada na farinha de mandioca, arroz e feij\u00e3o, cl\u00e1ssicos da alimenta\u00e7\u00e3o brasileira enroladinhos em um charuto de repolho, al\u00e9m do uso de especiarias brasileiras, como a casca d\u2019anta, o pichur\u00ed e a pinda\u00edba, e o molho agridoce de ara\u00e7\u00e1.&nbsp;<\/p>\n\n\n\n<p>A equipe do IFSC competiu com produ\u00e7\u00f5es do Instituto Federal de Alagoas (IFAL), Instituto Federal do Cear\u00e1 (IFCE) e o Instituto Federal Fluminense (IFF). A estudante Bianca destacou que no primeiro dia do evento foram realizados v\u00e1rios testes gastron\u00f4micos. \u201cA gente entrou de cabe\u00e7a nesse projeto, muitos testes, muitas horas no IFSC treinando. Teve todo o empratamento, o esfor\u00e7o de buscar os pratos, os ingredientes, gravar v\u00eddeos. Foi um projeto muito rico e uma experi\u00eancia muito rica. Foi m\u00e1gico e agrade\u00e7o ao IFSC por esta oportunidade\u201d, conta.&nbsp;<\/p>\n\n\n\n<figure class=\"wp-block-gallery has-nested-images columns-default is-cropped wp-block-gallery-1 is-layout-flex wp-block-gallery-is-layout-flex\">\n<figure class=\"wp-block-image size-large\"><img fetchpriority=\"high\" decoding=\"async\" width=\"1024\" height=\"568\" data-id=\"3962\" src=\"https:\/\/cidadecriativa.floripa.br\/wp-content\/uploads\/2025\/10\/conectaif-gastronomia-jurados-1024x568.jpg\" alt=\"\" class=\"wp-image-3962\" srcset=\"https:\/\/cidadecriativa.floripa.br\/wp-content\/uploads\/2025\/10\/conectaif-gastronomia-jurados-1024x568.jpg 1024w, https:\/\/cidadecriativa.floripa.br\/wp-content\/uploads\/2025\/10\/conectaif-gastronomia-jurados-300x166.jpg 300w, https:\/\/cidadecriativa.floripa.br\/wp-content\/uploads\/2025\/10\/conectaif-gastronomia-jurados-768x426.jpg 768w, https:\/\/cidadecriativa.floripa.br\/wp-content\/uploads\/2025\/10\/conectaif-gastronomia-jurados-18x10.jpg 18w, https:\/\/cidadecriativa.floripa.br\/wp-content\/uploads\/2025\/10\/conectaif-gastronomia-jurados.jpg 1274w\" sizes=\"(max-width: 1024px) 100vw, 1024px\" \/><figcaption class=\"wp-element-caption\">Jurados apreciam o prato das estudantes Emily e Bianca e da professora Fabiana<\/figcaption><\/figure>\n\n\n\n<figure class=\"wp-block-image size-large\"><img decoding=\"async\" width=\"1024\" height=\"576\" data-id=\"3964\" src=\"https:\/\/cidadecriativa.floripa.br\/wp-content\/uploads\/2025\/10\/conectaif-gastronomia-bianca-emily-1024x576.jpg\" alt=\"\" class=\"wp-image-3964\" srcset=\"https:\/\/cidadecriativa.floripa.br\/wp-content\/uploads\/2025\/10\/conectaif-gastronomia-bianca-emily-1024x576.jpg 1024w, https:\/\/cidadecriativa.floripa.br\/wp-content\/uploads\/2025\/10\/conectaif-gastronomia-bianca-emily-300x169.jpg 300w, https:\/\/cidadecriativa.floripa.br\/wp-content\/uploads\/2025\/10\/conectaif-gastronomia-bianca-emily-768x432.jpg 768w, https:\/\/cidadecriativa.floripa.br\/wp-content\/uploads\/2025\/10\/conectaif-gastronomia-bianca-emily-1536x864.jpg 1536w, https:\/\/cidadecriativa.floripa.br\/wp-content\/uploads\/2025\/10\/conectaif-gastronomia-bianca-emily-18x10.jpg 18w, https:\/\/cidadecriativa.floripa.br\/wp-content\/uploads\/2025\/10\/conectaif-gastronomia-bianca-emily.jpg 1600w\" sizes=\"(max-width: 1024px) 100vw, 1024px\" \/><figcaption class=\"wp-element-caption\">As estudantes Bianca e Emily e o prato vencedor<\/figcaption><\/figure>\n\n\n\n<figure class=\"wp-block-image size-large\"><img decoding=\"async\" width=\"953\" height=\"785\" data-id=\"3963\" src=\"https:\/\/cidadecriativa.floripa.br\/wp-content\/uploads\/2025\/10\/conectaif-gastronomia-prato.jpg\" alt=\"\" class=\"wp-image-3963\" srcset=\"https:\/\/cidadecriativa.floripa.br\/wp-content\/uploads\/2025\/10\/conectaif-gastronomia-prato.jpg 953w, https:\/\/cidadecriativa.floripa.br\/wp-content\/uploads\/2025\/10\/conectaif-gastronomia-prato-300x247.jpg 300w, https:\/\/cidadecriativa.floripa.br\/wp-content\/uploads\/2025\/10\/conectaif-gastronomia-prato-768x633.jpg 768w, https:\/\/cidadecriativa.floripa.br\/wp-content\/uploads\/2025\/10\/conectaif-gastronomia-prato-15x12.jpg 15w\" sizes=\"(max-width: 953px) 100vw, 953px\" \/><figcaption class=\"wp-element-caption\">O prato vencedor leva pir\u00e3o, tainha, arroz, feij\u00e3o, repolho e o molho de ara\u00e7\u00e1<\/figcaption><\/figure>\n<\/figure>\n\n\n\n<p><em>Fotos: Nadia Garlet<\/em><\/p>\n\n\n\n<h4 class=\"wp-block-heading\">O que \u00e9 o ConectaIF<\/h4>\n\n\n\n<p>O\u00a0<a href=\"https:\/\/conectaif.ifb.edu.br\/\" target=\"_blank\" rel=\"noopener\">ConectaIF<\/a>\u00a0\u00e9 um evento gratuito e anual realizado pelo Instituto Federal de Bras\u00edlia que re\u00fane ensino, pesquisa, extens\u00e3o, inova\u00e7\u00e3o, tecnologia e muito conhecimento. Nele, s\u00e3o oferecidas centenas de atividades, todas gratuitas, e nas mais diversas \u00e1reas. S\u00e3o oficinas, mostras, workshops, rodas de conversa, prot\u00f3tipos de produtos, arte, cultura, palestras, competi\u00e7\u00f5es, exposi\u00e7\u00f5es e muito mais, totalizando 20 eventos simult\u00e2neos.<\/p>\n\n\n\n<p>O principal objetivo do ConectaIF \u00e9 fomentar o di\u00e1logo entre as v\u00e1rias a\u00e7\u00f5es desenvolvidas no \u00e2mbito da Educa\u00e7\u00e3o Profissional e Tecnol\u00f3gica, englobando a difus\u00e3o de conhecimento com a participa\u00e7\u00e3o efetiva de pesquisadores, professores e alunos da Rede Federal de Educa\u00e7\u00e3o Profissional, Cient\u00edfica e Tecnol\u00f3gica e da comunidade escolar do Distrito Federal e entorno; gestores; empres\u00e1rios; representantes de institui\u00e7\u00f5es parceiras; e p\u00fablico visitante.<\/p>\n\n\n\n<p><em><a href=\"https:\/\/www.ifsc.edu.br\/en\/web\/noticias\/w\/equipe-do-ifsc-vence-competicao-gastronomica-no-conectaif\" data-type=\"link\" data-id=\"https:\/\/www.ifsc.edu.br\/en\/web\/noticias\/w\/equipe-do-ifsc-vence-competicao-gastronomica-no-conectaif\" target=\"_blank\" rel=\"noopener\">Por Carla Algeri I Jornalista do IFSC, com informa\u00e7\u00f5es do Conif e Setec\/MEC<\/a><\/em><\/p>","protected":false},"excerpt":{"rendered":"<p>A equipe do C\u00e2mpus Florian\u00f3polis \u2013 Continente foi a vencedora no concurso gastron\u00f4mico IF Brasilidades, realizado durante o&nbsp;ConectaIF, na quinta-feira (9), no Est\u00e1dio Man\u00e9 Garrincha, em Bras\u00edlia. A professora Fabiana Mortimer Amaral e as estudantes Bianca Kunkel, do curso superior de tecnologia em Gastronomia, e Emily Gon\u00e7alves, do curso t\u00e9cnico em Gastronomia, produziram o prato [&hellip;]<\/p>\n","protected":false},"author":4,"featured_media":3958,"comment_status":"closed","ping_status":"closed","sticky":false,"template":"","format":"standard","meta":{"footnotes":""},"categories":[255],"tags":[351,360,347,348],"class_list":["post-3949","post","type-post","status-publish","format-standard","has-post-thumbnail","hentry","category-noticias","tag-cidade-criativa-unesco-da-gastronomia","tag-conectaif","tag-gastronomia","tag-ifsc"],"_links":{"self":[{"href":"https:\/\/cidadecriativa.floripa.br\/en\/wp-json\/wp\/v2\/posts\/3949","targetHints":{"allow":["GET"]}}],"collection":[{"href":"https:\/\/cidadecriativa.floripa.br\/en\/wp-json\/wp\/v2\/posts"}],"about":[{"href":"https:\/\/cidadecriativa.floripa.br\/en\/wp-json\/wp\/v2\/types\/post"}],"author":[{"embeddable":true,"href":"https:\/\/cidadecriativa.floripa.br\/en\/wp-json\/wp\/v2\/users\/4"}],"replies":[{"embeddable":true,"href":"https:\/\/cidadecriativa.floripa.br\/en\/wp-json\/wp\/v2\/comments?post=3949"}],"version-history":[{"count":9,"href":"https:\/\/cidadecriativa.floripa.br\/en\/wp-json\/wp\/v2\/posts\/3949\/revisions"}],"predecessor-version":[{"id":3968,"href":"https:\/\/cidadecriativa.floripa.br\/en\/wp-json\/wp\/v2\/posts\/3949\/revisions\/3968"}],"wp:featuredmedia":[{"embeddable":true,"href":"https:\/\/cidadecriativa.floripa.br\/en\/wp-json\/wp\/v2\/media\/3958"}],"wp:attachment":[{"href":"https:\/\/cidadecriativa.floripa.br\/en\/wp-json\/wp\/v2\/media?parent=3949"}],"wp:term":[{"taxonomy":"category","embeddable":true,"href":"https:\/\/cidadecriativa.floripa.br\/en\/wp-json\/wp\/v2\/categories?post=3949"},{"taxonomy":"post_tag","embeddable":true,"href":"https:\/\/cidadecriativa.floripa.br\/en\/wp-json\/wp\/v2\/tags?post=3949"}],"curies":[{"name":"wp","href":"https:\/\/api.w.org\/{rel}","templated":true}]}}