{"id":3937,"date":"2025-10-16T13:57:41","date_gmt":"2025-10-16T16:57:41","guid":{"rendered":"https:\/\/cidadecriativa.floripa.br\/?p=3937"},"modified":"2025-10-16T19:12:35","modified_gmt":"2025-10-16T22:12:35","slug":"florianopolis-participa-do-intercambio-das-cidades-criativas-da-gastronomia-na-bienal-de-belo-horizonte","status":"publish","type":"post","link":"https:\/\/cidadecriativa.floripa.br\/en\/florianopolis-participa-do-intercambio-das-cidades-criativas-da-gastronomia-na-bienal-de-belo-horizonte\/","title":{"rendered":"Florian\u00f3polis participa do Interc\u00e2mbio das Cidades Criativas da Gastronomia na Bienal de Belo Horizonte"},"content":{"rendered":"<p>O programa Florian\u00f3polis Cidade Criativa UNESCO da Gastronomia, coordenado pela Associa\u00e7\u00e3o FloripAmanh\u00e3, representar\u00e1 a capital catarinense no Interc\u00e2mbio Cidades Brasileiras Criativas da Gastronomia pela UNESCO, que integra a programa\u00e7\u00e3o da Bienal da Gastronomia de Belo Horizonte 2025.<\/p>\n\n\n\n<p>O evento reunir\u00e1 no dia 23 de outubro chefs e representantes de <strong>Bel\u00e9m (PA), Paraty (RJ), Florian\u00f3polis (SC)<\/strong> It is <strong>Belo Horizonte (MG)<\/strong> \u2014 as quatro cidades brasileiras reconhecidas pela UNESCO por sua excel\u00eancia gastron\u00f4mica. A iniciativa celebra a <strong>diversidade, inova\u00e7\u00e3o e identidade cultural da gastronomia brasileira<\/strong>, promovendo um di\u00e1logo entre saberes, ingredientes e tradi\u00e7\u00f5es que tornam a culin\u00e1ria um vetor de desenvolvimento sustent\u00e1vel e conex\u00e3o entre territ\u00f3rios. O encontro acontece no <strong>Edif\u00edcio Central<\/strong>, \u00edcone da vida cultural belo-horizontina, com <strong>cozinhas-show, menus colaborativos e feira gastron\u00f4mica, <\/strong>entre 18h e 23h.<\/p>\n\n\n\n<p>Florian\u00f3polis ser\u00e1 representada por <strong>Rog\u00e9rio Mosimann<\/strong>, da FloripAmanh\u00e3, e pela <strong>chef Janete Borges<\/strong>, da <strong>Confraria Sabores de Floripa<\/strong>. Com mais de duas d\u00e9cadas de atua\u00e7\u00e3o na gastronomia local, Janete apresentar\u00e1 uma <strong>Cozinha Show<\/strong> no dia <strong>23 de outubro, \u00e0s 21h30<\/strong>, destacando os sabores e ingredientes do litoral catarinense.<\/p>\n\n\n\n<p><strong>Cozinha show com <em>Vichyssoise <\/em>do mar<\/strong><\/p>\n\n\n\n<p>No palco do <strong>Bar Baixaria<\/strong>, ela preparar\u00e1 um prato que valoriza a <strong>ostra de Florian\u00f3polis<\/strong>, explorando tamb\u00e9m o <strong>cultivo integrado de camar\u00f5es<\/strong> e o uso de <strong>algas marinhas e hal\u00f3fitas<\/strong> \u2014 plantas resistentes \u00e0 salinidade, com alto valor nutricional e ainda pouco exploradas na cozinha regional. A proposta une tradi\u00e7\u00e3o e inova\u00e7\u00e3o, apresentando a biodiversidade local como fonte de inspira\u00e7\u00e3o e sustentabilidade.<\/p>\n\n\n\n<p>\u201cAs ostras s\u00e3o um cl\u00e1ssico de Santa Catarina \u2014 e, na receita que vamos apresentar na bienal, <em>Vichyssoise <\/em>(sopa cremosa) do mar, elas assumem o protagonismo. Nessa receita levaremos tamb\u00e9m novos ingredientes e muito sabor!\u201d, comenta a chef Borges.\u00a0<\/p>\n\n\n\n<p>Segundo Mosimann, \u201ca presen\u00e7a de Florian\u00f3polis neste interc\u00e2mbio refor\u00e7a o papel da cidade como polo de criatividade e inova\u00e7\u00e3o gastron\u00f4mica, fortalecendo os la\u00e7os com as demais Cidades Criativas da UNESCO e ampliando a visibilidade dos nossos produtos e saberes\u201d.<\/p>\n\n\n\n<p>A participa\u00e7\u00e3o de Florian\u00f3polis na Bienal simboliza <strong>a continuidade de uma trajet\u00f3ria iniciada em 2014<\/strong>, quando a cidade foi reconhecida pela UNESCO como <strong>Cidade Criativa da Gastronomia<\/strong> \u2014 t\u00edtulo conquistado gra\u00e7as \u00e0 articula\u00e7\u00e3o da sociedade civil, liderada pela <strong>Associa\u00e7\u00e3o FloripAmanh\u00e3<\/strong>, em parceria com universidades, chefs, produtores e o setor p\u00fablico.<\/p>\n\n\n\n<p>O interc\u00e2mbio \u00e9 uma oportunidade de <strong>compartilhar conhecimento e valorizar a cultura alimentar brasileira<\/strong>, promovendo uma gastronomia sustent\u00e1vel e integradora \u2014 que tem em Florian\u00f3polis um dos seus melhores exemplos.<\/p>\n\n\n\n<p><strong>Sobre a Bienal da Gastronomia 2025<\/strong><\/p>\n\n\n\n<p>A Bienal da Gastronomia de Belo Horizonte acontece chega \u00e0 sua segunda edi\u00e7\u00e3o em 2025, <strong>entre os dias 15 e 31 de outubro<\/strong>, reafirmando a cidade como refer\u00eancia internacional no cen\u00e1rio culin\u00e1rio. Promovida pela Prefeitura de Belo Horizonte, por meio da Belotur, a iniciativa celebra a cultura alimentar local, impulsiona o turismo e fortalece os compromissos assumidos com a UNESCO ap\u00f3s o t\u00edtulo de Cidade Criativa da Gastronomia.<\/p>\n\n\n\n<p>A Bienal se consolida como um evento estrat\u00e9gico e inovador, ampliando o di\u00e1logo entre chefs, produtores, estudiosos e o p\u00fablico, promovendo conex\u00f5es entre tradi\u00e7\u00e3o e inova\u00e7\u00e3o, conhecimento ancestral, a cozinha de base local e perif\u00e9rica, o protagonismo feminino e a diversidade alimentar.<\/p>\n\n\n\n<p>Em 2025, a programa\u00e7\u00e3o se expande com experi\u00eancias imersivas e descentralizadas em mercados e espa\u00e7os urbanos. A Bienal refor\u00e7a o papel da gastronomia como express\u00e3o cultural, pol\u00edtica e social, que conecta territ\u00f3rio, identidade e futuro. Mais informa\u00e7\u00f5es e programa\u00e7\u00e3o completa em <a href=\"https:\/\/portalbelohorizonte.com.br\/bienaldagastronomia\" target=\"_blank\" rel=\"noopener\">https:\/\/portalbelohorizonte.com.br\/bienaldagastronomia<\/a><\/p>\n\n\n\n<p>&#x1f4c5; <strong>Interc\u00e2mbio Cidades Criativas da Gastronomia pela UNESCO<\/strong> <br>&#x1f5d3; <strong>23 de outubro, das 18h \u00e0s 23h<\/strong> <br>&#x1f4cd; <strong>Edif\u00edcio Central \u2013 Belo Horizonte (MG)<\/strong> <br>&#x1f469;&#x200d;&#x1f373; <strong>Cozinha Show de Janete Borges (Florian\u00f3polis)<\/strong> \u2013 21h30<\/p>\n\n\n\n<figure class=\"wp-block-image size-large\"><img fetchpriority=\"high\" decoding=\"async\" width=\"576\" height=\"1024\" src=\"https:\/\/cidadecriativa.floripa.br\/wp-content\/uploads\/2025\/10\/arte_bienal-576x1024.jpg\" alt=\"\" class=\"wp-image-3940\" srcset=\"https:\/\/cidadecriativa.floripa.br\/wp-content\/uploads\/2025\/10\/arte_bienal-576x1024.jpg 576w, https:\/\/cidadecriativa.floripa.br\/wp-content\/uploads\/2025\/10\/arte_bienal-169x300.jpg 169w, https:\/\/cidadecriativa.floripa.br\/wp-content\/uploads\/2025\/10\/arte_bienal-7x12.jpg 7w, https:\/\/cidadecriativa.floripa.br\/wp-content\/uploads\/2025\/10\/arte_bienal.jpg 600w\" sizes=\"(max-width: 576px) 100vw, 576px\" \/><\/figure>\n\n\n\n<h3 class=\"wp-block-heading\"><\/h3>","protected":false},"excerpt":{"rendered":"<p>O programa Florian\u00f3polis Cidade Criativa UNESCO da Gastronomia, coordenado pela Associa\u00e7\u00e3o FloripAmanh\u00e3, representar\u00e1 a capital catarinense no Interc\u00e2mbio Cidades Brasileiras Criativas da Gastronomia pela UNESCO, que integra a programa\u00e7\u00e3o da Bienal da Gastronomia de Belo Horizonte 2025. O evento reunir\u00e1 no dia 23 de outubro chefs e representantes de Bel\u00e9m (PA), Paraty (RJ), Florian\u00f3polis (SC) [&hellip;]<\/p>\n","protected":false},"author":4,"featured_media":3938,"comment_status":"closed","ping_status":"closed","sticky":false,"template":"","format":"standard","meta":{"footnotes":""},"categories":[255],"tags":[357,351,358,347,359],"class_list":["post-3937","post","type-post","status-publish","format-standard","has-post-thumbnail","hentry","category-noticias","tag-belo-horizonte","tag-cidade-criativa-unesco-da-gastronomia","tag-cozinha-show","tag-gastronomia","tag-janete-borges"],"_links":{"self":[{"href":"https:\/\/cidadecriativa.floripa.br\/en\/wp-json\/wp\/v2\/posts\/3937","targetHints":{"allow":["GET"]}}],"collection":[{"href":"https:\/\/cidadecriativa.floripa.br\/en\/wp-json\/wp\/v2\/posts"}],"about":[{"href":"https:\/\/cidadecriativa.floripa.br\/en\/wp-json\/wp\/v2\/types\/post"}],"author":[{"embeddable":true,"href":"https:\/\/cidadecriativa.floripa.br\/en\/wp-json\/wp\/v2\/users\/4"}],"replies":[{"embeddable":true,"href":"https:\/\/cidadecriativa.floripa.br\/en\/wp-json\/wp\/v2\/comments?post=3937"}],"version-history":[{"count":7,"href":"https:\/\/cidadecriativa.floripa.br\/en\/wp-json\/wp\/v2\/posts\/3937\/revisions"}],"predecessor-version":[{"id":3975,"href":"https:\/\/cidadecriativa.floripa.br\/en\/wp-json\/wp\/v2\/posts\/3937\/revisions\/3975"}],"wp:featuredmedia":[{"embeddable":true,"href":"https:\/\/cidadecriativa.floripa.br\/en\/wp-json\/wp\/v2\/media\/3938"}],"wp:attachment":[{"href":"https:\/\/cidadecriativa.floripa.br\/en\/wp-json\/wp\/v2\/media?parent=3937"}],"wp:term":[{"taxonomy":"category","embeddable":true,"href":"https:\/\/cidadecriativa.floripa.br\/en\/wp-json\/wp\/v2\/categories?post=3937"},{"taxonomy":"post_tag","embeddable":true,"href":"https:\/\/cidadecriativa.floripa.br\/en\/wp-json\/wp\/v2\/tags?post=3937"}],"curies":[{"name":"wp","href":"https:\/\/api.w.org\/{rel}","templated":true}]}}