{"id":3926,"date":"2025-10-15T14:20:19","date_gmt":"2025-10-15T17:20:19","guid":{"rendered":"https:\/\/cidadecriativa.floripa.br\/?p=3926"},"modified":"2025-10-15T14:21:57","modified_gmt":"2025-10-15T17:21:57","slug":"reportagem-sobre-florianopolis-cidade-criativa-unesco-da-gastronomia-e-premiada-no-12o-premio-sebrae-de-jornalismo","status":"publish","type":"post","link":"https:\/\/cidadecriativa.floripa.br\/en\/reportagem-sobre-florianopolis-cidade-criativa-unesco-da-gastronomia-e-premiada-no-12o-premio-sebrae-de-jornalismo\/","title":{"rendered":"Reportagem sobre Florian\u00f3polis Cidade Criativa UNESCO da Gastronomia \u00e9 premiada no 12\u00ba Pr\u00eamio Sebrae de Jornalismo"},"content":{"rendered":"<p>A reportagem da NDTV que retrata Florian\u00f3polis como Cidade Criativa da Gastronomia, t\u00edtulo concedido pela Unesco, foi reconhecida na etapa estadual do 12\u00ba Pr\u00eamio Sebrae de Jornalismo, cuja cerim\u00f4nia ocorreu em 15 de setembro de 2025.<\/p>\n\n\n\n<p>O conte\u00fado premiado destaca o papel da capital catarinense na integra\u00e7\u00e3o entre sa\u00fade, agricultura e gastronomia sustent\u00e1vel, evidenciando a for\u00e7a da coopera\u00e7\u00e3o entre produtores locais, institui\u00e7\u00f5es p\u00fablicas e a comunidade.<\/p>\n\n\n\n<p>O trabalho das jornalistas Tatiana Corr\u00eaa e Marin\u00eas Barbosa (produ\u00e7\u00e3o) apresenta como Florian\u00f3polis tem se consolidado como refer\u00eancia em agroecologia, alimenta\u00e7\u00e3o saud\u00e1vel e valoriza\u00e7\u00e3o da cultura gastron\u00f4mica regional, associando tradi\u00e7\u00e3o e inova\u00e7\u00e3o.<\/p>\n\n\n\n<p>A reportagem ressalta pr\u00e1ticas que fortalecem a identidade local, estimulam o desenvolvimento rural e posicionam a cidade como um exemplo de planejamento urbano sustent\u00e1vel dentro da Rede de Cidades Criativas da Unesco.<\/p>\n\n\n\n<figure class=\"wp-block-embed is-type-video is-provider-youtube wp-block-embed-youtube wp-embed-aspect-16-9 wp-has-aspect-ratio\"><div class=\"wp-block-embed__wrapper\">\n<iframe title=\"Agro Sa\u00fade e Coopera\u00e7\u00e3o - Cidade Criativa da Gastronomia\" width=\"800\" height=\"450\" src=\"https:\/\/www.youtube.com\/embed\/73Njr0V5C3s?feature=oembed\" frameborder=\"0\" allow=\"accelerometer; autoplay; clipboard-write; encrypted-media; gyroscope; picture-in-picture; web-share\" referrerpolicy=\"strict-origin-when-cross-origin\" allowfullscreen><\/iframe>\n<\/div><\/figure>\n\n\n\n<p><\/p>","protected":false},"excerpt":{"rendered":"<p>A reportagem da NDTV que retrata Florian\u00f3polis como Cidade Criativa da Gastronomia, t\u00edtulo concedido pela Unesco, foi reconhecida na etapa estadual do 12\u00ba Pr\u00eamio Sebrae de Jornalismo, cuja cerim\u00f4nia ocorreu em 15 de setembro de 2025. O conte\u00fado premiado destaca o papel da capital catarinense na integra\u00e7\u00e3o entre sa\u00fade, agricultura e gastronomia sustent\u00e1vel, evidenciando a [&hellip;]<\/p>\n","protected":false},"author":4,"featured_media":3932,"comment_status":"closed","ping_status":"closed","sticky":false,"template":"","format":"standard","meta":{"footnotes":""},"categories":[255],"tags":[351,347,356],"class_list":["post-3926","post","type-post","status-publish","format-standard","has-post-thumbnail","hentry","category-noticias","tag-cidade-criativa-unesco-da-gastronomia","tag-gastronomia","tag-premio-sebrae-de-jornalismo"],"_links":{"self":[{"href":"https:\/\/cidadecriativa.floripa.br\/en\/wp-json\/wp\/v2\/posts\/3926","targetHints":{"allow":["GET"]}}],"collection":[{"href":"https:\/\/cidadecriativa.floripa.br\/en\/wp-json\/wp\/v2\/posts"}],"about":[{"href":"https:\/\/cidadecriativa.floripa.br\/en\/wp-json\/wp\/v2\/types\/post"}],"author":[{"embeddable":true,"href":"https:\/\/cidadecriativa.floripa.br\/en\/wp-json\/wp\/v2\/users\/4"}],"replies":[{"embeddable":true,"href":"https:\/\/cidadecriativa.floripa.br\/en\/wp-json\/wp\/v2\/comments?post=3926"}],"version-history":[{"count":7,"href":"https:\/\/cidadecriativa.floripa.br\/en\/wp-json\/wp\/v2\/posts\/3926\/revisions"}],"predecessor-version":[{"id":3967,"href":"https:\/\/cidadecriativa.floripa.br\/en\/wp-json\/wp\/v2\/posts\/3926\/revisions\/3967"}],"wp:featuredmedia":[{"embeddable":true,"href":"https:\/\/cidadecriativa.floripa.br\/en\/wp-json\/wp\/v2\/media\/3932"}],"wp:attachment":[{"href":"https:\/\/cidadecriativa.floripa.br\/en\/wp-json\/wp\/v2\/media?parent=3926"}],"wp:term":[{"taxonomy":"category","embeddable":true,"href":"https:\/\/cidadecriativa.floripa.br\/en\/wp-json\/wp\/v2\/categories?post=3926"},{"taxonomy":"post_tag","embeddable":true,"href":"https:\/\/cidadecriativa.floripa.br\/en\/wp-json\/wp\/v2\/tags?post=3926"}],"curies":[{"name":"wp","href":"https:\/\/api.w.org\/{rel}","templated":true}]}}