{"id":3801,"date":"2025-09-25T11:33:12","date_gmt":"2025-09-25T14:33:12","guid":{"rendered":"https:\/\/cidadecriativa.floripa.br\/?p=3801"},"modified":"2025-09-25T11:34:49","modified_gmt":"2025-09-25T14:34:49","slug":"turismo-e-gastronomia-em-pauta-na-feal-2025","status":"publish","type":"post","link":"https:\/\/cidadecriativa.floripa.br\/en\/turismo-e-gastronomia-em-pauta-na-feal-2025\/","title":{"rendered":"Turismo e gastronomia em pauta na FEAL 2025"},"content":{"rendered":"<p>Estrat\u00e9gias para impulsionar a gastronomia local durante a baixa temporada foram o centro do debate no painel \u201cTurismo + Gastronomia \u2013 Como Aproveitar a Sazonalidade e Eventos para Faturar Mais\u201d, realizado em 24 de setembro, durante a FEAL 2025 \u2014 Feira de Produtos, Servi\u00e7os e Equipamentos para Operadores de Alimenta\u00e7\u00e3o, considerada a maior do setor food service no Sul do pa\u00eds. O evento aconteceu no CentroSul, em Florian\u00f3polis, com apoio institucional do Programa Florian\u00f3polis Cidade Criativa UNESCO da Gastronomia.<\/p>\n\n\n\n<p>O painel contou com a participa\u00e7\u00e3o de Anita Pires, coordenadora do programa Florian\u00f3polis Cidade Criativa UNESCO da Gastronomia, e de Narbal Corr\u00eaa, da Confraria Sabores de Floripa.<\/p>\n\n\n\n<figure class=\"wp-block-gallery has-nested-images columns-default is-cropped wp-block-gallery-1 is-layout-flex wp-block-gallery-is-layout-flex\">\n<figure class=\"wp-block-image size-large\"><img fetchpriority=\"high\" decoding=\"async\" width=\"960\" height=\"640\" data-id=\"3807\" src=\"https:\/\/cidadecriativa.floripa.br\/wp-content\/uploads\/2025\/09\/narbal-anita-feal.jpg\" alt=\"\" class=\"wp-image-3807\" srcset=\"https:\/\/cidadecriativa.floripa.br\/wp-content\/uploads\/2025\/09\/narbal-anita-feal.jpg 960w, https:\/\/cidadecriativa.floripa.br\/wp-content\/uploads\/2025\/09\/narbal-anita-feal-300x200.jpg 300w, https:\/\/cidadecriativa.floripa.br\/wp-content\/uploads\/2025\/09\/narbal-anita-feal-768x512.jpg 768w, https:\/\/cidadecriativa.floripa.br\/wp-content\/uploads\/2025\/09\/narbal-anita-feal-18x12.jpg 18w\" sizes=\"(max-width: 960px) 100vw, 960px\" \/><\/figure>\n\n\n\n<figure class=\"wp-block-image size-large\"><img decoding=\"async\" width=\"720\" height=\"480\" data-id=\"3805\" src=\"https:\/\/cidadecriativa.floripa.br\/wp-content\/uploads\/2025\/09\/feal-01.jpg\" alt=\"\" class=\"wp-image-3805\" srcset=\"https:\/\/cidadecriativa.floripa.br\/wp-content\/uploads\/2025\/09\/feal-01.jpg 720w, https:\/\/cidadecriativa.floripa.br\/wp-content\/uploads\/2025\/09\/feal-01-300x200.jpg 300w, https:\/\/cidadecriativa.floripa.br\/wp-content\/uploads\/2025\/09\/feal-01-18x12.jpg 18w\" sizes=\"(max-width: 720px) 100vw, 720px\" \/><\/figure>\n\n\n\n<figure class=\"wp-block-image size-large\"><img decoding=\"async\" width=\"960\" height=\"640\" data-id=\"3806\" src=\"https:\/\/cidadecriativa.floripa.br\/wp-content\/uploads\/2025\/09\/feal-03.jpg\" alt=\"\" class=\"wp-image-3806\" srcset=\"https:\/\/cidadecriativa.floripa.br\/wp-content\/uploads\/2025\/09\/feal-03.jpg 960w, https:\/\/cidadecriativa.floripa.br\/wp-content\/uploads\/2025\/09\/feal-03-300x200.jpg 300w, https:\/\/cidadecriativa.floripa.br\/wp-content\/uploads\/2025\/09\/feal-03-768x512.jpg 768w, https:\/\/cidadecriativa.floripa.br\/wp-content\/uploads\/2025\/09\/feal-03-18x12.jpg 18w\" sizes=\"(max-width: 960px) 100vw, 960px\" \/><\/figure>\n<\/figure>\n\n\n\n<p><strong>Oportunidade de articula\u00e7\u00e3o para al\u00e9m da alta temporada<\/strong><\/p>\n\n\n\n<p>Promovido pela Ampe Metropolitana em parceria com UFSC, Fepese, Fampesc e Sebrae\/SC, o painel tratou da necessidade de planejar a\u00e7\u00f5es integradas que ajudem a movimentar o turismo gastron\u00f4mico tamb\u00e9m fora dos per\u00edodos tradicionais de maior fluxo.<\/p>\n\n\n\n<p>Anita Pires destacou o papel do programa como articulador de pol\u00edticas p\u00fablicas e iniciativas privadas que valorizam os saberes locais, fortalecem o empreendedorismo criativo e ampliam oportunidades de gera\u00e7\u00e3o de renda. \u201c\u00c9 com entusiasmo que apoiamos a FEAL 2025. Esta feira representa uma oportunidade \u00edmpar de articular ind\u00fastria, fornecedores, chefs e cozinheiros, promovendo inova\u00e7\u00e3o, relacionamento e neg\u00f3cios no setor da gastronomia\u201d, afirmou.<\/p>\n\n\n\n<p>Narbal Corr\u00eaa, al\u00e9m de integrar a Confraria Sabores de Floripa, j\u00e1 representou o programa Florian\u00f3polis Cidade Criativa UNESCO da Gastronomia no Brasil e no exterior, trazendo refer\u00eancias e boas pr\u00e1ticas para o debate local.<\/p>\n\n\n\n<p>A participa\u00e7\u00e3o na FEAL 2025 refor\u00e7a a estrat\u00e9gia do programa em ampliar o reconhecimento de Florian\u00f3polis como um polo gastron\u00f4mico criativo, capaz de integrar tradi\u00e7\u00e3o e inova\u00e7\u00e3o, potencializando seu impacto cultural e econ\u00f4mico.<\/p>","protected":false},"excerpt":{"rendered":"<p>Estrat\u00e9gias para impulsionar a gastronomia local durante a baixa temporada foram o centro do debate no painel \u201cTurismo + Gastronomia \u2013 Como Aproveitar a Sazonalidade e Eventos para Faturar Mais\u201d, realizado em 24 de setembro, durante a FEAL 2025 \u2014 Feira de Produtos, Servi\u00e7os e Equipamentos para Operadores de Alimenta\u00e7\u00e3o, considerada a maior do setor [&hellip;]<\/p>\n","protected":false},"author":4,"featured_media":3804,"comment_status":"closed","ping_status":"closed","sticky":false,"template":"","format":"standard","meta":{"footnotes":""},"categories":[255],"tags":[351,350,347,354,353],"class_list":["post-3801","post","type-post","status-publish","format-standard","has-post-thumbnail","hentry","category-noticias","tag-cidade-criativa-unesco-da-gastronomia","tag-feal","tag-gastronomia","tag-sazonalidade","tag-turismo"],"_links":{"self":[{"href":"https:\/\/cidadecriativa.floripa.br\/en\/wp-json\/wp\/v2\/posts\/3801","targetHints":{"allow":["GET"]}}],"collection":[{"href":"https:\/\/cidadecriativa.floripa.br\/en\/wp-json\/wp\/v2\/posts"}],"about":[{"href":"https:\/\/cidadecriativa.floripa.br\/en\/wp-json\/wp\/v2\/types\/post"}],"author":[{"embeddable":true,"href":"https:\/\/cidadecriativa.floripa.br\/en\/wp-json\/wp\/v2\/users\/4"}],"replies":[{"embeddable":true,"href":"https:\/\/cidadecriativa.floripa.br\/en\/wp-json\/wp\/v2\/comments?post=3801"}],"version-history":[{"count":5,"href":"https:\/\/cidadecriativa.floripa.br\/en\/wp-json\/wp\/v2\/posts\/3801\/revisions"}],"predecessor-version":[{"id":3927,"href":"https:\/\/cidadecriativa.floripa.br\/en\/wp-json\/wp\/v2\/posts\/3801\/revisions\/3927"}],"wp:featuredmedia":[{"embeddable":true,"href":"https:\/\/cidadecriativa.floripa.br\/en\/wp-json\/wp\/v2\/media\/3804"}],"wp:attachment":[{"href":"https:\/\/cidadecriativa.floripa.br\/en\/wp-json\/wp\/v2\/media?parent=3801"}],"wp:term":[{"taxonomy":"category","embeddable":true,"href":"https:\/\/cidadecriativa.floripa.br\/en\/wp-json\/wp\/v2\/categories?post=3801"},{"taxonomy":"post_tag","embeddable":true,"href":"https:\/\/cidadecriativa.floripa.br\/en\/wp-json\/wp\/v2\/tags?post=3801"}],"curies":[{"name":"wp","href":"https:\/\/api.w.org\/{rel}","templated":true}]}}