{"id":3784,"date":"2025-09-22T10:55:45","date_gmt":"2025-09-22T13:55:45","guid":{"rendered":"https:\/\/cidadecriativa.floripa.br\/?p=3784"},"modified":"2025-09-22T11:05:55","modified_gmt":"2025-09-22T14:05:55","slug":"feal-2025-recebe-apoio-institucional-do-programa-florianopolis-cidade-criativa-unesco-da-gastronomia","status":"publish","type":"post","link":"https:\/\/cidadecriativa.floripa.br\/en\/feal-2025-recebe-apoio-institucional-do-programa-florianopolis-cidade-criativa-unesco-da-gastronomia\/","title":{"rendered":"FEAL 2025 recebe apoio institucional do Programa Florian\u00f3polis Cidade Criativa UNESCO da Gastronomia"},"content":{"rendered":"<p>Nos dias 24 e 25 de setembro de 2025, o CentroSul, em Florian\u00f3polis, ser\u00e1 palco da Feira de Produtos, Servi\u00e7os e Equipamentos para Operadores de Alimenta\u00e7\u00e3o (FEAL), o maior evento de Food Service do Sul do Brasil, reunindo empres\u00e1rios, fornecedores, chefs, gestores e consultores em uma intensa programa\u00e7\u00e3o de palestras, workshops, degusta\u00e7\u00f5es e networking.<\/p>\n\n\n\n<p>A feira conta com o <strong>apoio institucional do Programa Florian\u00f3polis Cidade Criativa UNESCO da Gastronomia<\/strong>, que desde 2014 coloca a capital catarinense no mapa internacional da inova\u00e7\u00e3o e da cultura alimentar.<\/p>\n\n\n\n<p>\u201c\u00c9 com entusiasmo que apoiamos a FEAL 2025, o maior evento de food service do Sul do pa\u00eds, em Florian\u00f3polis. Esta feira representa uma oportunidade \u00edmpar de articular ind\u00fastria, fornecedores, chefs e cozinheiros, promovendo inova\u00e7\u00e3o, relacionamento e neg\u00f3cios no setor da gastronomia\u201d, refor\u00e7a <strong>Anita Pires<\/strong>, coordenadora do Programa, que tamb\u00e9m ser\u00e1 uma das palestrantes do evento.<\/p>\n\n\n\n<p><strong>Palestrantes confirmados<\/strong><\/p>\n\n\n\n<p>A programa\u00e7\u00e3o da Arena AMPE de Conhecimento ter\u00e1 mais de 50 palestras, pain\u00e9is e cursos pr\u00e1ticos, gratuitos para os participantes. Entre os convidados est\u00e3o:<\/p>\n\n\n\n<ul class=\"wp-block-list\">\n<li><strong>Anita Pires<\/strong>, no painel Turismo + Gastronomia \u2013 Como Aproveitar a Sazonalidade e Eventos para Faturar Mais.<\/li>\n\n\n\n<li><strong>Alexandre Soratto<\/strong>, presidente do Imetro-SC, falando sobre com\u00e9rcio de alimentos, rotulagem e pesagem correta.<\/li>\n\n\n\n<li><strong>Celio Salles<\/strong>, conselheiro da Abrasel Nacional, trazendo tend\u00eancias internacionais do food service.<\/li>\n\n\n\n<li><strong>Jaime de Paul<\/strong>a, presidente da Abstrato Aceleradora, com palestra sobre os impactos da Intelig\u00eancia Artificial no setor de alimenta\u00e7\u00e3o (25\/09, \u00e0s 16h).<\/li>\n<\/ul>\n\n\n\n<p><\/p>\n\n\n\n<p><strong>Servi\u00e7o<\/strong><\/p>\n\n\n\n<p><strong>Local:<\/strong> CentroSul \u2013 Florian\u00f3polis\/SC<br><strong>Data:<\/strong> 24 e 25 de setembro de 2025<br><strong>Time:<\/strong> 8h \u00e0s 18h \/ 10h \u00e0s 19h<br><strong>Inscri\u00e7\u00f5es gratuitas:<\/strong> <a href=\"https:\/\/sigevent.pro\/fealsc\/visitantes\/index.php?id_edicao=36&amp;linguagem=portugues&amp;id_categoria=\" target=\"_blank\" rel=\"noopener\">Clique aqui<\/a><br><strong>Mais informa\u00e7\u00f5es:<\/strong> <a href=\"http:\/\/www.fealsc.com.br\/\" target=\"_blank\" rel=\"noopener\">www.fealsc.com.br<\/a><\/p>\n\n\n\n<p><\/p>","protected":false},"excerpt":{"rendered":"<p>Nos dias 24 e 25 de setembro de 2025, o CentroSul, em Florian\u00f3polis, ser\u00e1 palco da Feira de Produtos, Servi\u00e7os e Equipamentos para Operadores de Alimenta\u00e7\u00e3o (FEAL), o maior evento de Food Service do Sul do Brasil, reunindo empres\u00e1rios, fornecedores, chefs, gestores e consultores em uma intensa programa\u00e7\u00e3o de palestras, workshops, degusta\u00e7\u00f5es e networking. A [&hellip;]<\/p>\n","protected":false},"author":4,"featured_media":3785,"comment_status":"closed","ping_status":"closed","sticky":false,"template":"","format":"standard","meta":{"footnotes":""},"categories":[255],"tags":[351,350,352],"class_list":["post-3784","post","type-post","status-publish","format-standard","has-post-thumbnail","hentry","category-noticias","tag-cidade-criativa-unesco-da-gastronomia","tag-feal","tag-food-service"],"_links":{"self":[{"href":"https:\/\/cidadecriativa.floripa.br\/en\/wp-json\/wp\/v2\/posts\/3784","targetHints":{"allow":["GET"]}}],"collection":[{"href":"https:\/\/cidadecriativa.floripa.br\/en\/wp-json\/wp\/v2\/posts"}],"about":[{"href":"https:\/\/cidadecriativa.floripa.br\/en\/wp-json\/wp\/v2\/types\/post"}],"author":[{"embeddable":true,"href":"https:\/\/cidadecriativa.floripa.br\/en\/wp-json\/wp\/v2\/users\/4"}],"replies":[{"embeddable":true,"href":"https:\/\/cidadecriativa.floripa.br\/en\/wp-json\/wp\/v2\/comments?post=3784"}],"version-history":[{"count":7,"href":"https:\/\/cidadecriativa.floripa.br\/en\/wp-json\/wp\/v2\/posts\/3784\/revisions"}],"predecessor-version":[{"id":3969,"href":"https:\/\/cidadecriativa.floripa.br\/en\/wp-json\/wp\/v2\/posts\/3784\/revisions\/3969"}],"wp:featuredmedia":[{"embeddable":true,"href":"https:\/\/cidadecriativa.floripa.br\/en\/wp-json\/wp\/v2\/media\/3785"}],"wp:attachment":[{"href":"https:\/\/cidadecriativa.floripa.br\/en\/wp-json\/wp\/v2\/media?parent=3784"}],"wp:term":[{"taxonomy":"category","embeddable":true,"href":"https:\/\/cidadecriativa.floripa.br\/en\/wp-json\/wp\/v2\/categories?post=3784"},{"taxonomy":"post_tag","embeddable":true,"href":"https:\/\/cidadecriativa.floripa.br\/en\/wp-json\/wp\/v2\/tags?post=3784"}],"curies":[{"name":"wp","href":"https:\/\/api.w.org\/{rel}","templated":true}]}}